{"id":1989,"date":"2016-08-30T09:00:14","date_gmt":"2016-08-30T07:00:14","guid":{"rendered":"http:\/\/blogg.improveme.se\/marieoddsson\/?p=1989"},"modified":"2016-08-30T09:00:14","modified_gmt":"2016-08-30T07:00:14","slug":"efter-sommaren","status":"publish","type":"post","link":"https:\/\/blogg.improveme.se\/marieoddsson\/2016\/08\/30\/efter-sommaren\/","title":{"rendered":"Efter sommaren"},"content":{"rendered":"<p>I dag skiner solen igen, s\u00e5 h\u00e4rligt. Man k\u00e4nner att h\u00f6sten har smugit sig in i med lite frisk kyla. Nu \u00e4r det tid att ta hand om din sommar hud som antagligen beh\u00f6ver b\u00e5de det ena och det andra. Ofta s\u00e5 \u00e4r huden b\u00e5de yttorr till torr, vissa f\u00e5r problem med sm\u00e5 plitor och utslag d\u00e5 de har anv\u00e4nt SPF. M\u00e5nga av oss ser nya pigmentf\u00f6r\u00e4ndringar i ansiktet (kommer sj\u00e4lvklart \u00e4ven p\u00e5 kroppen) som b\u00e5de kan vara hormon och \u00e5ldersrelaterade.<\/p>\n<p><a href=\"http:\/\/blogg.improveme.se\/marieoddsson\/files\/2016\/08\/13718755_646099525539197_850802156209021738_n1-e1472540266667.jpg\"><img loading=\"lazy\" decoding=\"async\" class=\"aligncenter size-large wp-image-1988\" src=\"http:\/\/blogg.improveme.se\/marieoddsson\/files\/2016\/08\/13718755_646099525539197_850802156209021738_n1-755x755.jpg\" alt=\"13718755_646099525539197_850802156209021738_n[1]\" width=\"755\" height=\"755\" \/><\/a><br \/>\nJabushe erbjuder dig en enkel och aktiv hudv\u00e5rd. Enkel f\u00f6r att du har samma produkter morgon och kv\u00e4ll. Aktiv d\u00e5 den inneh\u00e5ller patentet QAL-100 som b\u00e5de hj\u00e4lper en solskadad hud med pigmentf\u00f6r\u00e4ndringarna och samtidigt jobbar p\u00e5 en finare struktur med finare linjer och mindre porer. Enkelt snabbt och effektivt!<br \/>\nSes i morgon<\/p>\n<p>&nbsp;<\/p>\n","protected":false},"excerpt":{"rendered":"<p>I dag skiner solen igen, s\u00e5 h\u00e4rligt. Man k\u00e4nner att h\u00f6sten har smugit sig in i med lite frisk kyla. Nu \u00e4r det tid att ta hand om din sommar hud som antagligen beh\u00f6ver b\u00e5de det ena och det andra. Ofta s\u00e5 \u00e4r huden b\u00e5de yttorr till torr, vissa f\u00e5r problem med sm\u00e5 plitor och &#8230; <a title=\"Efter sommaren\" class=\"read-more\" href=\"https:\/\/blogg.improveme.se\/marieoddsson\/2016\/08\/30\/efter-sommaren\/\" aria-label=\"L\u00e4s mer om Efter sommaren\">L\u00e4s mer<\/a><\/p>\n","protected":false},"author":9656,"featured_media":0,"comment_status":"open","ping_status":"open","sticky":false,"template":"","format":"standard","meta":{"footnotes":""},"categories":[338,29],"tags":[222,14,15],"class_list":["post-1989","post","type-post","status-publish","format-standard","hentry","category-halsa-2","category-hudvard","tag-antiage","tag-jabushe","tag-qal-100"],"_links":{"self":[{"href":"https:\/\/blogg.improveme.se\/marieoddsson\/wp-json\/wp\/v2\/posts\/1989","targetHints":{"allow":["GET"]}}],"collection":[{"href":"https:\/\/blogg.improveme.se\/marieoddsson\/wp-json\/wp\/v2\/posts"}],"about":[{"href":"https:\/\/blogg.improveme.se\/marieoddsson\/wp-json\/wp\/v2\/types\/post"}],"author":[{"embeddable":true,"href":"https:\/\/blogg.improveme.se\/marieoddsson\/wp-json\/wp\/v2\/users\/9656"}],"replies":[{"embeddable":true,"href":"https:\/\/blogg.improveme.se\/marieoddsson\/wp-json\/wp\/v2\/comments?post=1989"}],"version-history":[{"count":0,"href":"https:\/\/blogg.improveme.se\/marieoddsson\/wp-json\/wp\/v2\/posts\/1989\/revisions"}],"wp:attachment":[{"href":"https:\/\/blogg.improveme.se\/marieoddsson\/wp-json\/wp\/v2\/media?parent=1989"}],"wp:term":[{"taxonomy":"category","embeddable":true,"href":"https:\/\/blogg.improveme.se\/marieoddsson\/wp-json\/wp\/v2\/categories?post=1989"},{"taxonomy":"post_tag","embeddable":true,"href":"https:\/\/blogg.improveme.se\/marieoddsson\/wp-json\/wp\/v2\/tags?post=1989"}],"curies":[{"name":"wp","href":"https:\/\/api.w.org\/{rel}","templated":true}]}}