{"id":199,"date":"2014-11-10T17:15:56","date_gmt":"2014-11-10T16:15:56","guid":{"rendered":"http:\/\/blogg.improveme.se\/marieoddsson\/?p=199"},"modified":"2014-11-10T17:15:56","modified_gmt":"2014-11-10T16:15:56","slug":"monday-bloody-monday-elleroch-bad-hair-day","status":"publish","type":"post","link":"https:\/\/blogg.improveme.se\/marieoddsson\/2014\/11\/10\/monday-bloody-monday-elleroch-bad-hair-day\/","title":{"rendered":"Monday bloody Monday eller\/och bad hair day"},"content":{"rendered":"<p>Ibland har man ingen bra dag. F\u00f6r mig b\u00f6rjade det dock redan i g\u00e5r kv\u00e4ll. Jag skulle bara l\u00e4gga in min blogg fr\u00e5n m\u00e4ssan. Av n\u00e5gon of\u00f6ruts\u00e4gbar anledning s\u00e5 gick det inte att ordna med bilderna, detta \u00e4gnade jag en l\u00e5\u00e5\u00e5\u00e5\u00e5\u00e5\u00e5ng tid till och d\u00e5 vill man bara skrika rakt ut.<\/p>\n<p><a href=\"http:\/\/blogg.improveme.se\/marieoddsson\/files\/2014\/11\/IMG_23071.jpg\"><img loading=\"lazy\" decoding=\"async\" class=\"aligncenter wp-image-205 size-large\" src=\"http:\/\/blogg.improveme.se\/marieoddsson\/files\/2014\/11\/IMG_23071-755x1006.jpg\" alt=\"IMG_2307\" width=\"755\" height=\"1006\" \/><\/a><\/p>\n<p>Fick f\u00f6r mig att jag var tr\u00f6tt och gjorde ett nytt f\u00f6rs\u00f6k i morse, men icke sa Nicke. Det slutade med att jag fick ringa supporten som sn\u00e4llt talade om f\u00f6r mig att det var n\u00e5got konstigt med just mitt konto?!? Han var i alla fall sn\u00e4ll och s\u00e5g till att bilderna blev r\u00e4ttv\u00e4nda (men storleken fick vara fel).<\/p>\n<p>Skulle sedan ta cykeln ner till bussh\u00e5llplatsen i regnet, d\u00e5 fanns det ingen cykel hemma! (f\u00f6r alla stod nere vid bussh\u00e5llplatsen..) Hittade inget paraply, trots att vi s\u00e4kert har minst fem stycken&#8230;V\u00e4l nere vid bussh\u00e5llplatsen bl\u00f6t och irriterad hittade jag inte mitt busskort. Nu undrar jag om jag har tappat huvudet?<\/p>\n<p><a href=\"http:\/\/blogg.improveme.se\/marieoddsson\/files\/2014\/11\/IMG_2248.jpg\"><img loading=\"lazy\" decoding=\"async\" class=\"size-large wp-image-195 aligncenter\" src=\"http:\/\/blogg.improveme.se\/marieoddsson\/files\/2014\/11\/IMG_2248-755x566.jpg\" alt=\"IMG_2248\" width=\"755\" height=\"566\" srcset=\"https:\/\/blogg.improveme.se\/marieoddsson\/files\/2014\/11\/IMG_2248-755x566.jpg 755w, https:\/\/blogg.improveme.se\/marieoddsson\/files\/2014\/11\/IMG_2248-300x225.jpg 300w, https:\/\/blogg.improveme.se\/marieoddsson\/files\/2014\/11\/IMG_2248.jpg 1365w\" sizes=\"auto, (max-width: 755px) 100vw, 755px\" \/><\/a><\/p>\n<p>Ringer min man som inte svarar. B\u00f6rjar g\u00e5 mot centrum f\u00f6r att k\u00f6pa ett nytt kort, n\u00e4r jag kommer p\u00e5 att det inte \u00e4r \u00f6ppet s\u00e5 tidigt. F\u00e5r d\u00e5 \u201dlifta\u201d in med en sn\u00e4ll busschauff\u00f6r mot att jag lovade att fixa ett nytt kort\/biljett (och k\u00e4nslan att man \u00e4r halvt kriminell). N\u00e4r jag precis har k\u00f6pt mitt nya m\u00e5nadskort f\u00f6r 810 kr s\u00e5 ringer min man. Han hittar ganska snabbt mitt andra ganska nya m\u00e5nadskort liggandes hemma.<\/p>\n<p>V\u00e4l p\u00e5 jobbet f\u00e5r jag inte tag i n\u00e5gon av alla personer som jag ska kontakta, det \u00e4r som bortbl\u00e5sta fr\u00e5n jordens yta. Det \u00e4r nog bara s\u00e5 att ibland ska man inte kliva upp ur s\u00e4ngen, eller s\u00e5 f\u00e5r man bara bita ihop och kanske stoppa lite papiljotter i h\u00e5ret och hoppas p\u00e5 att denna \u201dbad hair day\u201d bara ska passera.<\/p>\n<p><a href=\"http:\/\/blogg.improveme.se\/marieoddsson\/files\/2014\/11\/IMG_2251-e1415623961195.jpg\"><img loading=\"lazy\" decoding=\"async\" class=\"size-large wp-image-196 aligncenter\" src=\"http:\/\/blogg.improveme.se\/marieoddsson\/files\/2014\/11\/IMG_2251-755x566.jpg\" alt=\"IMG_2251\" width=\"755\" height=\"566\" \/><\/a><\/p>\n<p>Passar p\u00e5 att \u00f6nskar er en bra vecka.<\/p>\n","protected":false},"excerpt":{"rendered":"<p>Ibland har man ingen bra dag. F\u00f6r mig b\u00f6rjade det dock redan i g\u00e5r kv\u00e4ll. Jag skulle bara l\u00e4gga in min blogg fr\u00e5n m\u00e4ssan. Av n\u00e5gon of\u00f6ruts\u00e4gbar anledning s\u00e5 gick det inte att ordna med bilderna, detta \u00e4gnade jag en l\u00e5\u00e5\u00e5\u00e5\u00e5\u00e5\u00e5ng tid till och d\u00e5 vill man bara skrika rakt ut. Fick f\u00f6r mig att &#8230; <a title=\"Monday bloody Monday eller\/och bad hair day\" class=\"read-more\" href=\"https:\/\/blogg.improveme.se\/marieoddsson\/2014\/11\/10\/monday-bloody-monday-elleroch-bad-hair-day\/\" aria-label=\"L\u00e4s mer om Monday bloody Monday eller\/och bad hair day\">L\u00e4s mer<\/a><\/p>\n","protected":false},"author":9656,"featured_media":0,"comment_status":"open","ping_status":"open","sticky":false,"template":"","format":"standard","meta":{"footnotes":""},"categories":[1],"tags":[24,3,25,4],"class_list":["post-199","post","type-post","status-publish","format-standard","hentry","category-okategoriserad","tag-bad-hair-day","tag-halsa","tag-mandagar","tag-skonhet"],"_links":{"self":[{"href":"https:\/\/blogg.improveme.se\/marieoddsson\/wp-json\/wp\/v2\/posts\/199","targetHints":{"allow":["GET"]}}],"collection":[{"href":"https:\/\/blogg.improveme.se\/marieoddsson\/wp-json\/wp\/v2\/posts"}],"about":[{"href":"https:\/\/blogg.improveme.se\/marieoddsson\/wp-json\/wp\/v2\/types\/post"}],"author":[{"embeddable":true,"href":"https:\/\/blogg.improveme.se\/marieoddsson\/wp-json\/wp\/v2\/users\/9656"}],"replies":[{"embeddable":true,"href":"https:\/\/blogg.improveme.se\/marieoddsson\/wp-json\/wp\/v2\/comments?post=199"}],"version-history":[{"count":0,"href":"https:\/\/blogg.improveme.se\/marieoddsson\/wp-json\/wp\/v2\/posts\/199\/revisions"}],"wp:attachment":[{"href":"https:\/\/blogg.improveme.se\/marieoddsson\/wp-json\/wp\/v2\/media?parent=199"}],"wp:term":[{"taxonomy":"category","embeddable":true,"href":"https:\/\/blogg.improveme.se\/marieoddsson\/wp-json\/wp\/v2\/categories?post=199"},{"taxonomy":"post_tag","embeddable":true,"href":"https:\/\/blogg.improveme.se\/marieoddsson\/wp-json\/wp\/v2\/tags?post=199"}],"curies":[{"name":"wp","href":"https:\/\/api.w.org\/{rel}","templated":true}]}}