{"id":264,"date":"2014-11-24T17:08:06","date_gmt":"2014-11-24T16:08:06","guid":{"rendered":"http:\/\/blogg.improveme.se\/marieoddsson\/?p=264"},"modified":"2014-11-25T08:37:37","modified_gmt":"2014-11-25T07:37:37","slug":"dagcrem-eller-24-timmarscrem","status":"publish","type":"post","link":"https:\/\/blogg.improveme.se\/marieoddsson\/2014\/11\/24\/dagcrem-eller-24-timmarscrem\/","title":{"rendered":"Dagcreme eller 24-timmarscreme"},"content":{"rendered":"<p><strong>Dagcreme<\/strong><\/p>\n<p>\u00c4r oftast en l\u00e4ttare form av emulsion\/creme en s\u00e5 kallad olja i vatten. Den har som uppgift att binda fukten i \u00f6verhuden och skydda mot yttre p\u00e5frestningar och f\u00f6roreningar samt ofta \u00e4ven skydda huden mot solens str\u00e5lar. Den h\u00e4r sortens cremer finns f\u00f6r alla olika hudkonditioner, normal, torr, fet, blandhud, k\u00e4nnslig och \u00e5ldrande hud och sj\u00e4lvklart anv\u00e4nds denna sorts creme p\u00e5 dagen.<\/p>\n<p>&nbsp;<\/p>\n<p><strong>La Prairie Creme de Jour Anti-Age SPF30<\/strong>, den h\u00e4r kr\u00e4men har ett exklusivt Cellular Complex patent som hj\u00e4lper till att stimulera hudens naturliga f\u00f6ryngringsprocess. Den ger fukt och optimerar hudens funktion, skyddar\u00a0\u00e4ven d\u00e5 den inneh\u00e5ller SPF 30. Passar alla hudtyper<\/p>\n<p><a href=\"http:\/\/blogg.improveme.se\/marieoddsson\/files\/2014\/11\/IMG_24521-e1416842892801.jpg\"><img loading=\"lazy\" decoding=\"async\" class=\"alignnone wp-image-261\" src=\"http:\/\/blogg.improveme.se\/marieoddsson\/files\/2014\/11\/IMG_24521-755x566.jpg\" alt=\"IMG_2452[1]\" width=\"734\" height=\"550\" \/><\/a><\/p>\n<p>&nbsp;<\/p>\n<p><a href=\"http:\/\/www.bydenni.se\/produkter\/\">http:\/\/www.bydenni.se\/produkter\/<\/a><\/p>\n<p>&nbsp;<\/p>\n<p><strong>Clarins Hydra-Matte Lotion<\/strong> \u00e4r till f\u00f6r en kombinerad hud. Ser till att huden f\u00e5r den fukt som beh\u00f6vs samtidigt som den mattar ner blanka omr\u00e5den s\u00e5 som panna, n\u00e4sa och haka (T-zonen). Clarins jobbar mycket med naturliga ingredienser och har ett exklusivt Anti-Pollution complex f\u00f6r skydd mot yttre p\u00e5frestning. Passar en blandhud.<\/p>\n<p><a href=\"http:\/\/www.ahlens.se\/skonhet\/ansiktsvard\/\">https:\/\/www.ahlens.se\/skonhet\/ansiktsvard\/<\/a><\/p>\n<p>&nbsp;<\/p>\n<p><strong>24-timmars crem<\/strong><\/p>\n<p>Det har blivit mer vanligt med s\u00e5 kallade 24-timmars cremer och f\u00f6rklaringen kanske \u00e4r\u00a0brist p\u00e5 tid. Det \u00e4r l\u00e4tt och enkelt f\u00f6r de som tycker att de inte hinner med fler tuber\/burkar eller kort och gott inte orkar. Detta \u00e4r en blandning av dag- och nattcrem, kan man s\u00e4ga. Finns ofta inget solskydd i denna typ av produkt det kan vara bra att t\u00e4nka p\u00e5.<\/p>\n<p><strong>Jabushe Original<\/strong> \u00e4r en svensk produkt som har forskats fram p\u00e5 Karolinska Sjukhuset h\u00e4r i Stockholm. Den minimerar hudens \u00e5lderstecken och inneh\u00e5ller ett v\u00e4rldspatent, QAL-1oo som jobbar med l\u00e4derhuden\/dermis.\u00a0V\u00e4l nere i huden produceras A, C, E-vitamin som stimmulerar hudcellernas energiproduktion och d\u00e4rmed f\u00f6rb\u00e4ttrar hudens sp\u00e4nst och minimerar linjer och rynkor. Den h\u00e4r kr\u00e4men ska v\u00e4njas in i huden efter ett specifikt schema. Passar en frisk \u00e5ldrande hud.<\/p>\n<p><a href=\"http:\/\/blogg.improveme.se\/marieoddsson\/files\/2014\/11\/IMG_24561-e1416843059629.jpg\"><img loading=\"lazy\" decoding=\"async\" class=\"aligncenter wp-image-263\" src=\"http:\/\/blogg.improveme.se\/marieoddsson\/files\/2014\/11\/IMG_24561-e1416842219705-225x300.jpg\" alt=\"IMG_2456[1]\" width=\"412\" height=\"550\" \/><\/a><\/p>\n<p><a href=\"http:\/\/jabushe.se\/jabushe-original\/\">http:\/\/jabushe.se\/jabushe-original\/<\/a><\/p>\n<p>&nbsp;<\/p>\n<p><strong>La Prairie Cellular Platinum Rare Cream<\/strong>. Den h\u00e4r kr\u00e4men inger en k\u00e4nsla av ren lyx, b\u00e5de burken och dess inneh\u00e5ll k\u00e4nns exklusivt. Ska bromsa tidigt \u00e5ldrande och skydda hudens DNA. Huden blir fastare och den minimerar rynkor. Man f\u00e5r en mjuk hud med fin lyster. Passar de flesta hudtyper som \u00e5ldras.<\/p>\n<p><a href=\"http:\/\/www.bydenni.se\/produkter\/\">http:\/\/www.bydenni.se\/produkter\/<\/a><\/p>\n<p>&nbsp;<\/p>\n<p><strong>Tebiskin EFG cream<\/strong> \u00e4r till f\u00f6r att uppr\u00e4tth\u00e5lla barri\u00e4rfunktionen i huden. Den st\u00e4rker och lugnar huden men har ocks\u00e5 en lugnande effekt p\u00e5 huden. Tebiskin \u00e4r en \u00a0kraftfull kombination av aktiva ingredienser med kliniskt bevisad effekt som g\u00e4rna anv\u00e4nds i kombination med andra behandlingar s\u00e5 som Kemisk Peeling, Microneedling, Injektionsbehandlingar, IPL\/Laser m.m. Jobbar ocks\u00e5 med olika hudkonditioner s\u00e5 som Acnerelaterade hudtillst\u00e5nd, k\u00e4nslig\/reaktiv hud och \u00e5ldrande hud. Passar alla som behandlar en \u00e5ldrande hud.<\/p>\n<p><a href=\"http:\/\/blogg.improveme.se\/marieoddsson\/files\/2014\/11\/IMG_24571-e1416842167321.jpg\"><img loading=\"lazy\" decoding=\"async\" class=\"aligncenter wp-image-262\" src=\"http:\/\/blogg.improveme.se\/marieoddsson\/files\/2014\/11\/IMG_24571-e1416842167321-225x300.jpg\" alt=\"IMG_2457[1]\" width=\"413\" height=\"550\" srcset=\"https:\/\/blogg.improveme.se\/marieoddsson\/files\/2014\/11\/IMG_24571-e1416842167321-225x300.jpg 225w, https:\/\/blogg.improveme.se\/marieoddsson\/files\/2014\/11\/IMG_24571-e1416842167321-755x1006.jpg 755w, https:\/\/blogg.improveme.se\/marieoddsson\/files\/2014\/11\/IMG_24571-e1416842167321.jpg 1218w\" sizes=\"auto, (max-width: 413px) 100vw, 413px\" \/><\/a><\/p>\n<p><a href=\"http:\/\/www.dermapromedical.se\/sv\/vara-produkter\/tebiskin\/\">http:\/\/www.dermapromedical.se\/sv\/vara-produkter\/tebiskin\/<\/a><\/p>\n<p>Huden beh\u00f6ver lite extra nu s\u00e5 applicera-, ha p\u00e5-, sm\u00f6rj in ansiktet ,p\u00e5 det sett som passar just dig.<\/p>\n<p>&nbsp;<\/p>\n<p>&nbsp;<\/p>\n<p>&nbsp;<\/p>\n<p>&nbsp;<\/p>\n<p>&nbsp;<\/p>\n","protected":false},"excerpt":{"rendered":"<p>Dagcreme \u00c4r oftast en l\u00e4ttare form av emulsion\/creme en s\u00e5 kallad olja i vatten. Den har som uppgift att binda fukten i \u00f6verhuden och skydda mot yttre p\u00e5frestningar och f\u00f6roreningar samt ofta \u00e4ven skydda huden mot solens str\u00e5lar. Den h\u00e4r sortens cremer finns f\u00f6r alla olika hudkonditioner, normal, torr, fet, blandhud, k\u00e4nnslig och \u00e5ldrande hud &#8230; <a title=\"Dagcreme eller 24-timmarscreme\" class=\"read-more\" href=\"https:\/\/blogg.improveme.se\/marieoddsson\/2014\/11\/24\/dagcrem-eller-24-timmarscrem\/\" aria-label=\"L\u00e4s mer om Dagcreme eller 24-timmarscreme\">L\u00e4s mer<\/a><\/p>\n","protected":false},"author":9656,"featured_media":0,"comment_status":"open","ping_status":"open","sticky":false,"template":"","format":"standard","meta":{"footnotes":""},"categories":[1],"tags":[48,47,479,14,15],"class_list":["post-264","post","type-post","status-publish","format-standard","hentry","category-okategoriserad","tag-24-timmarskram","tag-dagkram","tag-hudvard","tag-jabushe","tag-qal-100"],"_links":{"self":[{"href":"https:\/\/blogg.improveme.se\/marieoddsson\/wp-json\/wp\/v2\/posts\/264","targetHints":{"allow":["GET"]}}],"collection":[{"href":"https:\/\/blogg.improveme.se\/marieoddsson\/wp-json\/wp\/v2\/posts"}],"about":[{"href":"https:\/\/blogg.improveme.se\/marieoddsson\/wp-json\/wp\/v2\/types\/post"}],"author":[{"embeddable":true,"href":"https:\/\/blogg.improveme.se\/marieoddsson\/wp-json\/wp\/v2\/users\/9656"}],"replies":[{"embeddable":true,"href":"https:\/\/blogg.improveme.se\/marieoddsson\/wp-json\/wp\/v2\/comments?post=264"}],"version-history":[{"count":0,"href":"https:\/\/blogg.improveme.se\/marieoddsson\/wp-json\/wp\/v2\/posts\/264\/revisions"}],"wp:attachment":[{"href":"https:\/\/blogg.improveme.se\/marieoddsson\/wp-json\/wp\/v2\/media?parent=264"}],"wp:term":[{"taxonomy":"category","embeddable":true,"href":"https:\/\/blogg.improveme.se\/marieoddsson\/wp-json\/wp\/v2\/categories?post=264"},{"taxonomy":"post_tag","embeddable":true,"href":"https:\/\/blogg.improveme.se\/marieoddsson\/wp-json\/wp\/v2\/tags?post=264"}],"curies":[{"name":"wp","href":"https:\/\/api.w.org\/{rel}","templated":true}]}}