{"id":291,"date":"2014-11-27T07:32:08","date_gmt":"2014-11-27T06:32:08","guid":{"rendered":"http:\/\/blogg.improveme.se\/marieoddsson\/?p=291"},"modified":"2014-11-27T10:31:03","modified_gmt":"2014-11-27T09:31:03","slug":"ktf-sager-stopp","status":"publish","type":"post","link":"https:\/\/blogg.improveme.se\/marieoddsson\/2014\/11\/27\/ktf-sager-stopp\/","title":{"rendered":"KTF s\u00e4ger stopp"},"content":{"rendered":"<p>KTF (Kemtekniska f\u00f6rbundet) st\u00e4mmer kosmetikhandlaren Beauty Planet i marknadsdomstolen (de s\u00e4ljer kosmetika p\u00e5 internet). Varor \u00e4r tydligen felm\u00e4rkt och de har osanna p\u00e5st\u00e5enden, de g\u00f6r att konsumentskyddet \u00e5tsidos\u00e4tts. Det g\u00e5r inte att l\u00e4sa var eller n\u00e4r varorna \u00e4r tillverkade , de i sin tur g\u00f6r att varorna lika v\u00e4l kan vara stulna\u00a0eller\/och att datumen har g\u00e5tt ut. Vilseledande text om hur mycket konsumenten kommer att\u00a0spara m.m. KTF uppmanar att fler agerar s\u00e5 att\u00a0konkurrensen \u00e4r p\u00e5 lika villkor f\u00f6r alla, b\u00e5de fysiska butiker och p\u00e5 internet.<\/p>\n<p><a href=\"http:\/\/blogg.improveme.se\/marieoddsson\/files\/2014\/11\/IMG_2044.jpg\"><img loading=\"lazy\" decoding=\"async\" class=\"aligncenter wp-image-292\" src=\"http:\/\/blogg.improveme.se\/marieoddsson\/files\/2014\/11\/IMG_2044-755x1007.jpg\" alt=\"IMG_2044\" width=\"412\" height=\"550\" srcset=\"https:\/\/blogg.improveme.se\/marieoddsson\/files\/2014\/11\/IMG_2044-755x1007.jpg 755w, https:\/\/blogg.improveme.se\/marieoddsson\/files\/2014\/11\/IMG_2044-224x300.jpg 224w, https:\/\/blogg.improveme.se\/marieoddsson\/files\/2014\/11\/IMG_2044.jpg 974w\" sizes=\"auto, (max-width: 412px) 100vw, 412px\" \/><\/a><\/p>\n<p>&nbsp;<\/p>\n<p><em>Vi kan aldrig acceptera f\u00f6retag verksamma i v\u00e5r bransch som systematiskt f\u00f6rs\u00f6ker kapa kostnader genom att bryta mot lagen och tulla p\u00e5 konsumentskyddet, s\u00e4ger Olof Holmer, VD p\u00e5 KTF<\/em><\/p>\n<p>Jag tycker det \u00e4r mycket bra att KTF reagerar och agerar,\u00a0hoppas nu att det inte \u00e4r s\u00e5 m\u00e5nga som har handlat p\u00e5 Beauty Planet!<\/p>\n<p>&nbsp;<\/p>\n","protected":false},"excerpt":{"rendered":"<p>KTF (Kemtekniska f\u00f6rbundet) st\u00e4mmer kosmetikhandlaren Beauty Planet i marknadsdomstolen (de s\u00e4ljer kosmetika p\u00e5 internet). Varor \u00e4r tydligen felm\u00e4rkt och de har osanna p\u00e5st\u00e5enden, de g\u00f6r att konsumentskyddet \u00e5tsidos\u00e4tts. Det g\u00e5r inte att l\u00e4sa var eller n\u00e4r varorna \u00e4r tillverkade , de i sin tur g\u00f6r att varorna lika v\u00e4l kan vara stulna\u00a0eller\/och att datumen har &#8230; <a title=\"KTF s\u00e4ger stopp\" class=\"read-more\" href=\"https:\/\/blogg.improveme.se\/marieoddsson\/2014\/11\/27\/ktf-sager-stopp\/\" aria-label=\"L\u00e4s mer om KTF s\u00e4ger stopp\">L\u00e4s mer<\/a><\/p>\n","protected":false},"author":9656,"featured_media":0,"comment_status":"open","ping_status":"open","sticky":false,"template":"","format":"standard","meta":{"footnotes":""},"categories":[1],"tags":[53,52,4],"class_list":["post-291","post","type-post","status-publish","format-standard","hentry","category-okategoriserad","tag-konsumentskydd","tag-ktf","tag-skonhet"],"_links":{"self":[{"href":"https:\/\/blogg.improveme.se\/marieoddsson\/wp-json\/wp\/v2\/posts\/291","targetHints":{"allow":["GET"]}}],"collection":[{"href":"https:\/\/blogg.improveme.se\/marieoddsson\/wp-json\/wp\/v2\/posts"}],"about":[{"href":"https:\/\/blogg.improveme.se\/marieoddsson\/wp-json\/wp\/v2\/types\/post"}],"author":[{"embeddable":true,"href":"https:\/\/blogg.improveme.se\/marieoddsson\/wp-json\/wp\/v2\/users\/9656"}],"replies":[{"embeddable":true,"href":"https:\/\/blogg.improveme.se\/marieoddsson\/wp-json\/wp\/v2\/comments?post=291"}],"version-history":[{"count":0,"href":"https:\/\/blogg.improveme.se\/marieoddsson\/wp-json\/wp\/v2\/posts\/291\/revisions"}],"wp:attachment":[{"href":"https:\/\/blogg.improveme.se\/marieoddsson\/wp-json\/wp\/v2\/media?parent=291"}],"wp:term":[{"taxonomy":"category","embeddable":true,"href":"https:\/\/blogg.improveme.se\/marieoddsson\/wp-json\/wp\/v2\/categories?post=291"},{"taxonomy":"post_tag","embeddable":true,"href":"https:\/\/blogg.improveme.se\/marieoddsson\/wp-json\/wp\/v2\/tags?post=291"}],"curies":[{"name":"wp","href":"https:\/\/api.w.org\/{rel}","templated":true}]}}