{"id":309,"date":"2014-11-30T18:13:14","date_gmt":"2014-11-30T17:13:14","guid":{"rendered":"http:\/\/blogg.improveme.se\/marieoddsson\/?p=309"},"modified":"2014-11-30T18:13:14","modified_gmt":"2014-11-30T17:13:14","slug":"1a-advent","status":"publish","type":"post","link":"https:\/\/blogg.improveme.se\/marieoddsson\/2014\/11\/30\/1a-advent\/","title":{"rendered":"1:a advent"},"content":{"rendered":"<p>F\u00f6rsta s\u00f6ndagen i advent \u00e4r egentligen kyrko\u00e5rets f\u00f6rsta dag. Traditionellt i kyrkan \u00e4r advent en tid av fasta, f\u00f6rberedelse och en v\u00e4ntan p\u00e5 Jesu f\u00f6delse. Sj\u00e4lv t\u00e4nder jag ett ljus och tycker att det \u00e4r rofyllt och vackert och det blir som en slags\u00a0nedr\u00e4kning till julafton. Lite gl\u00f6gg med pepparkakor, g\u00e4rna cederpepparkakor med lite m\u00f6gelost p\u00e5 \u00e4r inte fel denna s\u00f6ndag.<\/p>\n<p><a href=\"http:\/\/blogg.improveme.se\/marieoddsson\/files\/2014\/11\/IMG_25121.jpg\"><img loading=\"lazy\" decoding=\"async\" class=\"wp-image-308 aligncenter\" src=\"http:\/\/blogg.improveme.se\/marieoddsson\/files\/2014\/11\/IMG_25121-755x566.jpg\" alt=\"IMG_2512[1]\" width=\"733\" height=\"550\" srcset=\"https:\/\/blogg.improveme.se\/marieoddsson\/files\/2014\/11\/IMG_25121-755x566.jpg 755w, https:\/\/blogg.improveme.se\/marieoddsson\/files\/2014\/11\/IMG_25121-300x225.jpg 300w, https:\/\/blogg.improveme.se\/marieoddsson\/files\/2014\/11\/IMG_25121.jpg 1624w\" sizes=\"auto, (max-width: 733px) 100vw, 733px\" \/><\/a><\/p>\n<p><a href=\"http:\/\/blogg.improveme.se\/marieoddsson\/files\/2014\/11\/IMG_25121.jpg\">\u00a0<\/a><\/p>\n<p>Klockan \u00e4r bara\u00a0efter sex\u00a0men det \u00e4r becksvart\u00a0ute sen ett bra tag tillbaka och temperaturen \u00e4r n\u00e4stan nere p\u00e5 noll. S\u00e5 nu s\u00e4tter jag p\u00e5 mig tofflorna, t\u00e4nder en eld i brasan och njuter av min gl\u00f6gg med en pepparkaka till.<\/p>\n<p><a href=\"http:\/\/blogg.improveme.se\/marieoddsson\/files\/2014\/11\/IMG_25261.jpg\"><img loading=\"lazy\" decoding=\"async\" class=\"wp-image-307 aligncenter\" src=\"http:\/\/blogg.improveme.se\/marieoddsson\/files\/2014\/11\/IMG_25261-755x566.jpg\" alt=\"IMG_2526[1]\" width=\"733\" height=\"550\" srcset=\"https:\/\/blogg.improveme.se\/marieoddsson\/files\/2014\/11\/IMG_25261-755x566.jpg 755w, https:\/\/blogg.improveme.se\/marieoddsson\/files\/2014\/11\/IMG_25261-300x225.jpg 300w, https:\/\/blogg.improveme.se\/marieoddsson\/files\/2014\/11\/IMG_25261.jpg 1624w\" sizes=\"auto, (max-width: 733px) 100vw, 733px\" \/><\/a><\/p>\n","protected":false},"excerpt":{"rendered":"<p>F\u00f6rsta s\u00f6ndagen i advent \u00e4r egentligen kyrko\u00e5rets f\u00f6rsta dag. Traditionellt i kyrkan \u00e4r advent en tid av fasta, f\u00f6rberedelse och en v\u00e4ntan p\u00e5 Jesu f\u00f6delse. Sj\u00e4lv t\u00e4nder jag ett ljus och tycker att det \u00e4r rofyllt och vackert och det blir som en slags\u00a0nedr\u00e4kning till julafton. Lite gl\u00f6gg med pepparkakor, g\u00e4rna cederpepparkakor med lite m\u00f6gelost &#8230; <a title=\"1:a advent\" class=\"read-more\" href=\"https:\/\/blogg.improveme.se\/marieoddsson\/2014\/11\/30\/1a-advent\/\" aria-label=\"L\u00e4s mer om 1:a advent\">L\u00e4s mer<\/a><\/p>\n","protected":false},"author":9656,"featured_media":0,"comment_status":"open","ping_status":"open","sticky":false,"template":"","format":"standard","meta":{"footnotes":""},"categories":[1],"tags":[60,62,61,3],"class_list":["post-309","post","type-post","status-publish","format-standard","hentry","category-okategoriserad","tag-1a-advent","tag-cederpepparkakor","tag-glogg","tag-halsa"],"_links":{"self":[{"href":"https:\/\/blogg.improveme.se\/marieoddsson\/wp-json\/wp\/v2\/posts\/309","targetHints":{"allow":["GET"]}}],"collection":[{"href":"https:\/\/blogg.improveme.se\/marieoddsson\/wp-json\/wp\/v2\/posts"}],"about":[{"href":"https:\/\/blogg.improveme.se\/marieoddsson\/wp-json\/wp\/v2\/types\/post"}],"author":[{"embeddable":true,"href":"https:\/\/blogg.improveme.se\/marieoddsson\/wp-json\/wp\/v2\/users\/9656"}],"replies":[{"embeddable":true,"href":"https:\/\/blogg.improveme.se\/marieoddsson\/wp-json\/wp\/v2\/comments?post=309"}],"version-history":[{"count":0,"href":"https:\/\/blogg.improveme.se\/marieoddsson\/wp-json\/wp\/v2\/posts\/309\/revisions"}],"wp:attachment":[{"href":"https:\/\/blogg.improveme.se\/marieoddsson\/wp-json\/wp\/v2\/media?parent=309"}],"wp:term":[{"taxonomy":"category","embeddable":true,"href":"https:\/\/blogg.improveme.se\/marieoddsson\/wp-json\/wp\/v2\/categories?post=309"},{"taxonomy":"post_tag","embeddable":true,"href":"https:\/\/blogg.improveme.se\/marieoddsson\/wp-json\/wp\/v2\/tags?post=309"}],"curies":[{"name":"wp","href":"https:\/\/api.w.org\/{rel}","templated":true}]}}