{"id":311,"date":"2014-12-01T21:28:56","date_gmt":"2014-12-01T20:28:56","guid":{"rendered":"http:\/\/blogg.improveme.se\/marieoddsson\/?p=311"},"modified":"2014-12-02T09:46:55","modified_gmt":"2014-12-02T08:46:55","slug":"ansiktsmasker","status":"publish","type":"post","link":"https:\/\/blogg.improveme.se\/marieoddsson\/2014\/12\/01\/ansiktsmasker\/","title":{"rendered":"Ansiktsmasker"},"content":{"rendered":"<p>Den h\u00e4r tiden p\u00e5 \u00e5ret kan huden verkligen f\u00e5 spunk d\u00e5 den ofta blir b\u00e5de yttorr och torr. Luftfuktigheten f\u00f6rsvinner utomhus, vi \u00e4r mer inomhus d\u00e4r det ofta finns luftkonditionering som ocks\u00e5 torkar ut huden. Att g\u00e5 in och ut fr\u00e5n varma milj\u00f6er till kalla. Allt detta p\u00e5verkar huden och g\u00f6r den lite torrare och d\u00e4r med ofta k\u00e4nsligare. En Ansiktsmask kan f\u00e5 bukt med det problemet och n\u00e5gra till. Masker finns i det o\u00e4ndliga beroende p\u00e5 vad man vill behandla eller f\u00e5 f\u00f6r slutresultat. Ansiktsmasker \u00e4r som en intensivbehandling som verkar 10-15 minuter. Sj\u00e4lvklart finns det b\u00e5de kortare och l\u00e4ngre verkningstid. H\u00e4r \u00e4r det bara att v\u00e4lja och vraka\u00a0fr\u00e5n en lermask som ofta reng\u00f6r huden och ser till att f\u00e5 bort \u00f6verfl\u00f6digt talg p\u00e5 hudytan s\u00e5 att den l\u00e4mnas matt och fr\u00e4sch.<\/p>\n<p>Eller kanske en s\u00e5 kallad \u201daskungemask\u201d som har en mer uppstramande effekt. Den h\u00e4r typen av mask \u00e4r ofta gelbaserad och ger huden ett litet \u201dlyft\u201d ofta i kombination med en fantastisk lyster. Popul\u00e4r n\u00e4r man ska vara extra fin vid n\u00e5got speciellt tillf\u00e4lle. Lugnande och st\u00e4rkande masker \u00e4r m\u00e5nga g\u00e5nger sk\u00f6nt f\u00f6r en tunn, k\u00e4nslig och\/eller stressad hud. Det finns i kr\u00e4miga, mousseiga och gelaktiga konsistenser och kan lugna en r\u00f6d och irriterad hud. M\u00e5nga g\u00e5nger finns det ocks\u00e5 ingredienser som kan st\u00e4rka huden p\u00e5 olika s\u00e4tt, t.ex. antioxidanter eller bl\u00e5b\u00e4r och h\u00e4stkastanj som st\u00e4rker k\u00e4rlen. Masker som har en utj\u00e4mnande och blekande effekt \u00e4r ocks\u00e5\u00a0omtyckta d\u00e5 man f\u00e5tt pigmentf\u00f6r\u00e4ndringar eller har en oj\u00e4mn hudton. Eller n\u00e5gon form av AHA-mask som g\u00f6r underverk f\u00f6r en \u00e5ldrande hud (och m\u00e5nga andra hudtyper ocks\u00e5 f\u00f6r den delen).<\/p>\n<p>Men just nu har jag som mest behov av att \u201dbada min hud\u201d med fukt. Det tacksamma med m\u00e5nga ansiktsmasker som jobbar med att boosta huden med fukt och mjukg\u00f6ra den\u00a0\u00e4r att du kan g\u00f6ra en kur med den, l\u00e4gga den 3-4 g\u00e5nger i vecka, eller till och med l\u00e4gga p\u00e5 masken, l\u00e5t den sjunka in i 10-15 minuter och massera in resten om det finns n\u00e5got kvar eller torka f\u00f6rsiktigt bort \u00f6verfl\u00f6det med en servett och hopp i s\u00e4ng. \u00c4ven m\u00e5nga m\u00e4n skulle beh\u00f6va lite extra fukt just nu, vi \u00e4r m\u00e5nga d\u00e4r ute\u00a0som \u00e4r\u00a0riktiga\u00a0torrisar just nu.<\/p>\n<p><a href=\"http:\/\/blogg.improveme.se\/marieoddsson\/files\/2014\/12\/IMG_2544.jpg\"><img loading=\"lazy\" decoding=\"async\" class=\"wp-image-314 aligncenter\" src=\"http:\/\/blogg.improveme.se\/marieoddsson\/files\/2014\/12\/IMG_2544-755x1006.jpg\" alt=\"IMG_2544\" width=\"413\" height=\"550\" srcset=\"https:\/\/blogg.improveme.se\/marieoddsson\/files\/2014\/12\/IMG_2544-755x1006.jpg 755w, https:\/\/blogg.improveme.se\/marieoddsson\/files\/2014\/12\/IMG_2544-225x300.jpg 225w, https:\/\/blogg.improveme.se\/marieoddsson\/files\/2014\/12\/IMG_2544.jpg 960w\" sizes=\"auto, (max-width: 413px) 100vw, 413px\" \/><\/a><\/p>\n<p>\u00c5h du! gl\u00f6m inte att l\u00e4gga mask p\u00e5 hals och dekolletaget (de beh\u00f6ver ocks\u00e5 lite fukt och omtanke).<\/p>\n","protected":false},"excerpt":{"rendered":"<p>Den h\u00e4r tiden p\u00e5 \u00e5ret kan huden verkligen f\u00e5 spunk d\u00e5 den ofta blir b\u00e5de yttorr och torr. Luftfuktigheten f\u00f6rsvinner utomhus, vi \u00e4r mer inomhus d\u00e4r det ofta finns luftkonditionering som ocks\u00e5 torkar ut huden. Att g\u00e5 in och ut fr\u00e5n varma milj\u00f6er till kalla. Allt detta p\u00e5verkar huden och g\u00f6r den lite torrare och &#8230; <a title=\"Ansiktsmasker\" class=\"read-more\" href=\"https:\/\/blogg.improveme.se\/marieoddsson\/2014\/12\/01\/ansiktsmasker\/\" aria-label=\"L\u00e4s mer om Ansiktsmasker\">L\u00e4s mer<\/a><\/p>\n","protected":false},"author":9656,"featured_media":0,"comment_status":"open","ping_status":"open","sticky":false,"template":"","format":"standard","meta":{"footnotes":""},"categories":[1],"tags":[63,65,3,64,4],"class_list":["post-311","post","type-post","status-publish","format-standard","hentry","category-okategoriserad","tag-ansiktsmasker","tag-fukt","tag-halsa","tag-mjukgorande","tag-skonhet"],"_links":{"self":[{"href":"https:\/\/blogg.improveme.se\/marieoddsson\/wp-json\/wp\/v2\/posts\/311","targetHints":{"allow":["GET"]}}],"collection":[{"href":"https:\/\/blogg.improveme.se\/marieoddsson\/wp-json\/wp\/v2\/posts"}],"about":[{"href":"https:\/\/blogg.improveme.se\/marieoddsson\/wp-json\/wp\/v2\/types\/post"}],"author":[{"embeddable":true,"href":"https:\/\/blogg.improveme.se\/marieoddsson\/wp-json\/wp\/v2\/users\/9656"}],"replies":[{"embeddable":true,"href":"https:\/\/blogg.improveme.se\/marieoddsson\/wp-json\/wp\/v2\/comments?post=311"}],"version-history":[{"count":0,"href":"https:\/\/blogg.improveme.se\/marieoddsson\/wp-json\/wp\/v2\/posts\/311\/revisions"}],"wp:attachment":[{"href":"https:\/\/blogg.improveme.se\/marieoddsson\/wp-json\/wp\/v2\/media?parent=311"}],"wp:term":[{"taxonomy":"category","embeddable":true,"href":"https:\/\/blogg.improveme.se\/marieoddsson\/wp-json\/wp\/v2\/categories?post=311"},{"taxonomy":"post_tag","embeddable":true,"href":"https:\/\/blogg.improveme.se\/marieoddsson\/wp-json\/wp\/v2\/tags?post=311"}],"curies":[{"name":"wp","href":"https:\/\/api.w.org\/{rel}","templated":true}]}}