{"id":323,"date":"2014-12-03T22:33:08","date_gmt":"2014-12-03T21:33:08","guid":{"rendered":"http:\/\/blogg.improveme.se\/marieoddsson\/?p=323"},"modified":"2014-12-04T09:59:39","modified_gmt":"2014-12-04T08:59:39","slug":"en-dag-pa-jobbet","status":"publish","type":"post","link":"https:\/\/blogg.improveme.se\/marieoddsson\/2014\/12\/03\/en-dag-pa-jobbet\/","title":{"rendered":"En dag p\u00e5 jobbet"},"content":{"rendered":"<p>I dag har jag varit i Uppsala p\u00e5 Kicks och gjort huscanning p\u00e5 kunderna med v\u00e5ran ultraljuds scanner. Det g\u00e5r fort, \u00e4r sj\u00e4lvklart sm\u00e4rtfritt och man beh\u00f6ver inte tv\u00e4tta av sig sin make-up. Man ser \u00f6verhuden, hur tunn\/tjock den \u00e4r och det syns om den \u00e4r torr. L\u00e4derhuden syns ocks\u00e5, h\u00e4r ser man hur aktiv huden \u00e4r, oftast en mer aktiv hud n\u00e4r man \u00e4r yngre och lite mindre aktivitet vid stigande \u00e5lder. Kollagent\u00e4theten tittar jag ocks\u00e5 p\u00e5, kollagenet b\u00f6rjar avta fr\u00e5n ca 25 \u00e5rs \u00e5lder. Det i sin tur resulterar\u00a0i fina\u00a0linjer, djupa rynkor, f\u00f6rstorade porer,\u00a0vi tappar runt \u00f6gonen och k\u00e4klinjen. Vissa av oss tappar ocks\u00e5 mycket vid hakan och\u00a0halsen men\u00a0det \u00e4r ocks\u00e5 genetiskt (elastinet \u00e4r ocks\u00e5 inblandat i denna process).<\/p>\n<p>&nbsp;<\/p>\n<p><a href=\"http:\/\/blogg.improveme.se\/marieoddsson\/files\/2014\/12\/IMG_2309.jpg\"><img loading=\"lazy\" decoding=\"async\" class=\"wp-image-322 aligncenter\" src=\"http:\/\/blogg.improveme.se\/marieoddsson\/files\/2014\/12\/IMG_2309-755x1007.jpg\" alt=\"IMG_2309\" width=\"412\" height=\"550\" srcset=\"https:\/\/blogg.improveme.se\/marieoddsson\/files\/2014\/12\/IMG_2309-755x1007.jpg 755w, https:\/\/blogg.improveme.se\/marieoddsson\/files\/2014\/12\/IMG_2309-224x300.jpg 224w, https:\/\/blogg.improveme.se\/marieoddsson\/files\/2014\/12\/IMG_2309.jpg 974w\" sizes=\"auto, (max-width: 412px) 100vw, 412px\" \/><\/a><\/p>\n<p>&nbsp;<\/p>\n<p>Denna lilla apparat kan se en hel del p\u00e5 gott och ont. Den har ocks\u00e5 uttag f\u00f6r\u00a0att m\u00e4ta en hel del andra roliga saker i huden, hur mycket fukt som finns i huden, \u00e4ven ett instrument som m\u00e4ter hur mycket fukt vi l\u00e4cker, sj\u00e4lvklart pigmentf\u00f6r\u00e4ndringar, en kamera som man kan titta p\u00e5 upp till x50 f\u00f6rstoring p\u00e5 hudf\u00f6r\u00e4ndringar\u00a0och elasticiteten i huden. Jag har just nu kollageninstrumentet med mig d\u00e5\u00a0v\u00e5r produkt,\u00a0Jabushe\u00a0stimulerar just kollagenet.\u00a0S\u00e5 man f\u00e5r se en hel del olika &#8221;ansikten&#8221; en dag p\u00e5 jobbet.<\/p>\n<p>Vi h\u00f6rs!<\/p>\n<p>&nbsp;<\/p>\n<p>&nbsp;<\/p>\n","protected":false},"excerpt":{"rendered":"<p>I dag har jag varit i Uppsala p\u00e5 Kicks och gjort huscanning p\u00e5 kunderna med v\u00e5ran ultraljuds scanner. Det g\u00e5r fort, \u00e4r sj\u00e4lvklart sm\u00e4rtfritt och man beh\u00f6ver inte tv\u00e4tta av sig sin make-up. Man ser \u00f6verhuden, hur tunn\/tjock den \u00e4r och det syns om den \u00e4r torr. L\u00e4derhuden syns ocks\u00e5, h\u00e4r ser man hur aktiv &#8230; <a title=\"En dag p\u00e5 jobbet\" class=\"read-more\" href=\"https:\/\/blogg.improveme.se\/marieoddsson\/2014\/12\/03\/en-dag-pa-jobbet\/\" aria-label=\"L\u00e4s mer om En dag p\u00e5 jobbet\">L\u00e4s mer<\/a><\/p>\n","protected":false},"author":9656,"featured_media":0,"comment_status":"open","ping_status":"open","sticky":false,"template":"","format":"standard","meta":{"footnotes":""},"categories":[1],"tags":[3,10,50,4],"class_list":["post-323","post","type-post","status-publish","format-standard","hentry","category-okategoriserad","tag-halsa","tag-hud","tag-hudscanning","tag-skonhet"],"_links":{"self":[{"href":"https:\/\/blogg.improveme.se\/marieoddsson\/wp-json\/wp\/v2\/posts\/323","targetHints":{"allow":["GET"]}}],"collection":[{"href":"https:\/\/blogg.improveme.se\/marieoddsson\/wp-json\/wp\/v2\/posts"}],"about":[{"href":"https:\/\/blogg.improveme.se\/marieoddsson\/wp-json\/wp\/v2\/types\/post"}],"author":[{"embeddable":true,"href":"https:\/\/blogg.improveme.se\/marieoddsson\/wp-json\/wp\/v2\/users\/9656"}],"replies":[{"embeddable":true,"href":"https:\/\/blogg.improveme.se\/marieoddsson\/wp-json\/wp\/v2\/comments?post=323"}],"version-history":[{"count":0,"href":"https:\/\/blogg.improveme.se\/marieoddsson\/wp-json\/wp\/v2\/posts\/323\/revisions"}],"wp:attachment":[{"href":"https:\/\/blogg.improveme.se\/marieoddsson\/wp-json\/wp\/v2\/media?parent=323"}],"wp:term":[{"taxonomy":"category","embeddable":true,"href":"https:\/\/blogg.improveme.se\/marieoddsson\/wp-json\/wp\/v2\/categories?post=323"},{"taxonomy":"post_tag","embeddable":true,"href":"https:\/\/blogg.improveme.se\/marieoddsson\/wp-json\/wp\/v2\/tags?post=323"}],"curies":[{"name":"wp","href":"https:\/\/api.w.org\/{rel}","templated":true}]}}