{"id":469,"date":"2014-12-24T15:47:32","date_gmt":"2014-12-24T14:47:32","guid":{"rendered":"http:\/\/blogg.improveme.se\/marieoddsson\/?p=469"},"modified":"2014-12-24T15:47:32","modified_gmt":"2014-12-24T14:47:32","slug":"god-jul","status":"publish","type":"post","link":"https:\/\/blogg.improveme.se\/marieoddsson\/2014\/12\/24\/god-jul\/","title":{"rendered":"God Jul"},"content":{"rendered":"<p>Vill \u00f6nska alla en God Jul. Har mest varit p\u00e5 resande fot i tv\u00e5 dagar men \u00e4r nu p\u00e5 plats i v\u00e4stra Sverige hos min mamma, mormor och syster. Mycket kallare h\u00e4r hemma men inte en gnutta sn\u00f6 p\u00e5 v\u00e4g ned\u00e5t i v\u00e5rt avl\u00e5nga land.<\/p>\n<p><a href=\"http:\/\/blogg.improveme.se\/marieoddsson\/files\/2014\/12\/image30-e1419430250780.jpg\"><img loading=\"lazy\" decoding=\"async\" class=\"alignnone size-large wp-image-467\" src=\"http:\/\/blogg.improveme.se\/marieoddsson\/files\/2014\/12\/image30-755x566.jpg\" alt=\"image\" width=\"755\" height=\"566\" \/><\/a><\/p>\n<p>Nu har vi precis \u00e4tit jullunch och nu \u00e4r det dags f\u00f6r Kalle Anka. Just nu kommer det n\u00e5gra f\u00e5 vita flingor singlande fr\u00e5n en gr\u00e5 himmel.<\/p>\n<p><a href=\"http:\/\/blogg.improveme.se\/marieoddsson\/files\/2014\/12\/image31-e1419430368715.jpg\"><img loading=\"lazy\" decoding=\"async\" class=\"alignnone size-large wp-image-468\" src=\"http:\/\/blogg.improveme.se\/marieoddsson\/files\/2014\/12\/image31-755x1006.jpg\" alt=\"image\" width=\"755\" height=\"1006\" \/><\/a><\/p>\n<p>S\u00e5 en riktigt God Jul p\u00e5 er<\/p>\n","protected":false},"excerpt":{"rendered":"<p>Vill \u00f6nska alla en God Jul. Har mest varit p\u00e5 resande fot i tv\u00e5 dagar men \u00e4r nu p\u00e5 plats i v\u00e4stra Sverige hos min mamma, mormor och syster. Mycket kallare h\u00e4r hemma men inte en gnutta sn\u00f6 p\u00e5 v\u00e4g ned\u00e5t i v\u00e5rt avl\u00e5nga land. Nu har vi precis \u00e4tit jullunch och nu \u00e4r det &#8230; <a title=\"God Jul\" class=\"read-more\" href=\"https:\/\/blogg.improveme.se\/marieoddsson\/2014\/12\/24\/god-jul\/\" aria-label=\"L\u00e4s mer om God Jul\">L\u00e4s mer<\/a><\/p>\n","protected":false},"author":9656,"featured_media":0,"comment_status":"open","ping_status":"open","sticky":false,"template":"","format":"standard","meta":{"footnotes":""},"categories":[1],"tags":[102,104,105,103],"class_list":["post-469","post","type-post","status-publish","format-standard","hentry","category-okategoriserad","tag-julafton","tag-julmat","tag-ma-gott","tag-tillsammans"],"_links":{"self":[{"href":"https:\/\/blogg.improveme.se\/marieoddsson\/wp-json\/wp\/v2\/posts\/469","targetHints":{"allow":["GET"]}}],"collection":[{"href":"https:\/\/blogg.improveme.se\/marieoddsson\/wp-json\/wp\/v2\/posts"}],"about":[{"href":"https:\/\/blogg.improveme.se\/marieoddsson\/wp-json\/wp\/v2\/types\/post"}],"author":[{"embeddable":true,"href":"https:\/\/blogg.improveme.se\/marieoddsson\/wp-json\/wp\/v2\/users\/9656"}],"replies":[{"embeddable":true,"href":"https:\/\/blogg.improveme.se\/marieoddsson\/wp-json\/wp\/v2\/comments?post=469"}],"version-history":[{"count":0,"href":"https:\/\/blogg.improveme.se\/marieoddsson\/wp-json\/wp\/v2\/posts\/469\/revisions"}],"wp:attachment":[{"href":"https:\/\/blogg.improveme.se\/marieoddsson\/wp-json\/wp\/v2\/media?parent=469"}],"wp:term":[{"taxonomy":"category","embeddable":true,"href":"https:\/\/blogg.improveme.se\/marieoddsson\/wp-json\/wp\/v2\/categories?post=469"},{"taxonomy":"post_tag","embeddable":true,"href":"https:\/\/blogg.improveme.se\/marieoddsson\/wp-json\/wp\/v2\/tags?post=469"}],"curies":[{"name":"wp","href":"https:\/\/api.w.org\/{rel}","templated":true}]}}