{"id":538,"date":"2015-01-08T13:39:13","date_gmt":"2015-01-08T12:39:13","guid":{"rendered":"http:\/\/blogg.improveme.se\/marieoddsson\/?p=538"},"modified":"2015-01-08T15:13:20","modified_gmt":"2015-01-08T14:13:20","slug":"flerfargat-led-ljus","status":"publish","type":"post","link":"https:\/\/blogg.improveme.se\/marieoddsson\/2015\/01\/08\/flerfargat-led-ljus\/","title":{"rendered":"Flerf\u00e4rgat LED- ljus"},"content":{"rendered":"<p>Har varit hos min kollega Denni\u00a0 p\u00e5<a href=\"http:\/\/www.bydenni.se\"> www.bydenni.se <\/a>och f\u00e5tt behandling med LED-ljus. Helt fantastiskt vad en ljusbehandling kan g\u00f6ra f\u00f6r huden. Ljusbehandling \u00e4r inget nytt, det har funnits i Europa i \u00f6ver 30 \u00e5r. Jag tr\u00e4ffade Jennifer Brodeur fr\u00e5n Canada n\u00e4r hon var h\u00e4r p\u00e5 Hud- och Kosmetikm\u00e4ssan 2014. Hon har l\u00e5ng erfarenhet av att jobba med ljusbehandlingar. Hennes intresse f\u00f6r denna typ av behandling \u00e4r stort. Jennifer po\u00e4ngterar att det \u00e4r i v\u00e5gl\u00e4ngden som hemligheten ligger. Vid det h\u00e4r tillf\u00e4llet s\u00e5 hade jag redan varit i kontakt med Max 7 som den heter i ca 1 \u00e5r.<\/p>\n<p><a href=\"http:\/\/blogg.improveme.se\/marieoddsson\/files\/2015\/01\/IMG_34901-e1420719450831.jpg\"><img loading=\"lazy\" decoding=\"async\" class=\"size-large wp-image-536 aligncenter\" src=\"http:\/\/blogg.improveme.se\/marieoddsson\/files\/2015\/01\/IMG_34901-755x566.jpg\" alt=\"IMG_3490[1]\" width=\"755\" height=\"566\" \/><\/a><\/p>\n<p>Just denna maskin har sju patenterade v\u00e5gl\u00e4ngder som re balanserar och l\u00e4ker cellerna. Olika ljus\/v\u00e5gl\u00e4ngder f\u00f6r att behandla olika hudtillst\u00e5nd, allt ifr\u00e5n blemmor, antibakteriellt, lugnande, st\u00e4rkande och hudf\u00f6ryngrande. Max 7 g\u00e5r att anv\u00e4nda i n\u00e4stan alla behandlingar. Den \u00e4r ocks\u00e5 bra som ett komplement om man har gjort fillers, IPL, starkare peelingar eller andra behandlingar d\u00e4r huden beh\u00f6ver lugnas\/l\u00e4kas. Den k\u00e4nns inte, men syns desto mer\u00a0och det finns inga bieffekter.<\/p>\n<p>Man ligger under en \u201darm\u201d som pendlar fram och tillbaka \u00f6ver ansiktet. Vanligt \u00e4r att huden \u00e4r helt ren under behandlingens g\u00e5ng. Vissa ansiktsmasker eller serum g\u00e5r att komplettera med f\u00f6r att ytterligare lugna huden.<\/p>\n<p><a href=\"http:\/\/blogg.improveme.se\/marieoddsson\/files\/2015\/01\/IMG_0188-e1420719507625.jpg\"><img loading=\"lazy\" decoding=\"async\" class=\"size-large wp-image-537 aligncenter\" src=\"http:\/\/blogg.improveme.se\/marieoddsson\/files\/2015\/01\/IMG_0188-755x1006.jpg\" alt=\"IMG_0188\" width=\"755\" height=\"1006\" \/><\/a><\/p>\n<p>Man kan sj\u00e4lvklart inte f\u00e5 n\u00e5gon annan behandling i ansiktet just d\u00e5, men h\u00e4nder och f\u00f6tter g\u00e5r att f\u00e5 samtidigt. Sj\u00e4lvklart kan du passa p\u00e5 att f\u00e5 en frans och bryn f\u00e4rgning, n\u00e4r man end\u00e5 ligger ner. Jag tycker n\u00e4stan att det \u00e4r meditativt att ligga under denna pendlande \u201darm\u201d. Tiden \u00e4r olika beroende p\u00e5 vad som behandlas allt ifr\u00e5n ca 10-30 minuter. Ljus i m\u00e5nga olika former \u00e4r bra f\u00f6r oss.<\/p>\n","protected":false},"excerpt":{"rendered":"<p>Har varit hos min kollega Denni\u00a0 p\u00e5 www.bydenni.se och f\u00e5tt behandling med LED-ljus. Helt fantastiskt vad en ljusbehandling kan g\u00f6ra f\u00f6r huden. Ljusbehandling \u00e4r inget nytt, det har funnits i Europa i \u00f6ver 30 \u00e5r. Jag tr\u00e4ffade Jennifer Brodeur fr\u00e5n Canada n\u00e4r hon var h\u00e4r p\u00e5 Hud- och Kosmetikm\u00e4ssan 2014. Hon har l\u00e5ng erfarenhet av &#8230; <a title=\"Flerf\u00e4rgat LED- ljus\" class=\"read-more\" href=\"https:\/\/blogg.improveme.se\/marieoddsson\/2015\/01\/08\/flerfargat-led-ljus\/\" aria-label=\"L\u00e4s mer om Flerf\u00e4rgat LED- ljus\">L\u00e4s mer<\/a><\/p>\n","protected":false},"author":9656,"featured_media":0,"comment_status":"open","ping_status":"open","sticky":false,"template":"","format":"standard","meta":{"footnotes":""},"categories":[1],"tags":[133,3,479,132,131],"class_list":["post-538","post","type-post","status-publish","format-standard","hentry","category-okategoriserad","tag-bydenni","tag-halsa","tag-hudvard","tag-ljusbehandlingar","tag-max-7"],"_links":{"self":[{"href":"https:\/\/blogg.improveme.se\/marieoddsson\/wp-json\/wp\/v2\/posts\/538","targetHints":{"allow":["GET"]}}],"collection":[{"href":"https:\/\/blogg.improveme.se\/marieoddsson\/wp-json\/wp\/v2\/posts"}],"about":[{"href":"https:\/\/blogg.improveme.se\/marieoddsson\/wp-json\/wp\/v2\/types\/post"}],"author":[{"embeddable":true,"href":"https:\/\/blogg.improveme.se\/marieoddsson\/wp-json\/wp\/v2\/users\/9656"}],"replies":[{"embeddable":true,"href":"https:\/\/blogg.improveme.se\/marieoddsson\/wp-json\/wp\/v2\/comments?post=538"}],"version-history":[{"count":0,"href":"https:\/\/blogg.improveme.se\/marieoddsson\/wp-json\/wp\/v2\/posts\/538\/revisions"}],"wp:attachment":[{"href":"https:\/\/blogg.improveme.se\/marieoddsson\/wp-json\/wp\/v2\/media?parent=538"}],"wp:term":[{"taxonomy":"category","embeddable":true,"href":"https:\/\/blogg.improveme.se\/marieoddsson\/wp-json\/wp\/v2\/categories?post=538"},{"taxonomy":"post_tag","embeddable":true,"href":"https:\/\/blogg.improveme.se\/marieoddsson\/wp-json\/wp\/v2\/tags?post=538"}],"curies":[{"name":"wp","href":"https:\/\/api.w.org\/{rel}","templated":true}]}}