{"id":572,"date":"2015-01-13T09:11:12","date_gmt":"2015-01-13T08:11:12","guid":{"rendered":"http:\/\/blogg.improveme.se\/marieoddsson\/?p=572"},"modified":"2015-01-13T10:11:41","modified_gmt":"2015-01-13T09:11:41","slug":"haravfalldefluvium","status":"publish","type":"post","link":"https:\/\/blogg.improveme.se\/marieoddsson\/2015\/01\/13\/haravfalldefluvium\/","title":{"rendered":"H\u00e5ravfall\/defluvium"},"content":{"rendered":"<p>H\u00e5ret \u00e4r en\u00a0mycket viktigt del\u00a0f\u00f6r ens personlighet f\u00f6r m\u00e5nga. Vilken tjej har inte dr\u00f6mt om ett l\u00e5ngt lockigt h\u00e5rsvall? Sj\u00e4lv har jag v\u00e4ldigt rakt h\u00e5r, det vill s\u00e4ga inget fall alls. En av mina fris\u00f6rer fr\u00e5gade mig en g\u00e5ng om jag str\u00f6k mitt h\u00e5r varje morgon. Det h\u00e4r var innan det fanns platt\u00e4nger. Vi har ungef\u00e4r fem miljoner h\u00e5rfolliklar varav 100 000-200 000 av dem finns p\u00e5 huvudet. H\u00e5ret p\u00e5 huvudet har en tillv\u00e4xtfas fr\u00e5n ca 500- flera tusen dagar. \u00d6verg\u00e5ngsfasen varar i max en vecka. Slutligen befinner sig h\u00e5ret i vilofas, 5-25% av h\u00e5ret befinner sig i denna fas i allt ifr\u00e5n tre veckor till tre m\u00e5nader. De h\u00e4r g\u00e4ller huvudh\u00e5ret, andra h\u00e5rstr\u00e5n p\u00e5 andra delar av kroppen har andra v\u00e4xtfaser.H\u00e5rets innersta del \u00e4r m\u00e4rgen som ger stadga till h\u00e5ret. D\u00e4refter kommer barken och h\u00e4r finns h\u00e5rets pigment. Utanf\u00f6r barken sitter en hinna som skyddar h\u00e5rets inre struktur. D\u00e4refter finns en inre och en yttre rotskida som b\u00e5da hj\u00e4lper h\u00e5rstr\u00e5et att h\u00e5lla sig fast i h\u00e5rfollikeln n\u00e4r det \u00e4r helt keratiniserat. Vilken f\u00e4rg vi f\u00e5r p\u00e5 h\u00e5ret beror p\u00e5 m\u00e4ngden pigment\/melanin och vilkens sorts melanin det \u00e4r. Det finns tv\u00e5 sorters melanin, Eumelanin-svart och Pheomelanin-r\u00f6tt.<\/p>\n<p>H\u00e5ravfall kan visar sig p\u00e5 olika s\u00e4tt. Ungef\u00e4r 15-30% av m\u00e4nnen f\u00f6rlorar mer eller mindre sitt huvudh\u00e5r innan 30 \u00e5rs \u00e5lder. Det \u00e4r fram f\u00f6r allt kalhet centralt p\u00e5 hj\u00e4ssan och vid tinningarna som drabbas f\u00f6rst och som sen sprider ut sig fram\u00e5t och ned\u00e5t sidorna. \u00c4ven vi kvinnor kan drabbas med d\u00e5 oftare lite senar i livet. Det yttrar sig mer som en utglesning av h\u00e5ret och \u00e4r \u00e4rftlig. Sen finns det olika h\u00e5rsjukdomar som kan ge b\u00e5de mindre eller mer h\u00e5rv\u00e4xt.<\/p>\n<p>Normalt s\u00e5 tappar vi ca 100 stycken h\u00e5rstr\u00e5n per dygn. Men om man pl\u00f6tsligt b\u00f6rjar tappa onormalt mycket h\u00e5r \u00e4r det l\u00e4tt att bli orolig. Det kan h\u00e4nda vid en sv\u00e5rare infektionssjukdom (lunginflammation), stress\/trauma\u00a0men \u00e4ven n\u00e5gra m\u00e5nader efter f\u00f6rlossning. Viss medicin ofta cytostatika kan ocks\u00e5 ge h\u00e5ravfall.<\/p>\n<p><a href=\"http:\/\/blogg.improveme.se\/marieoddsson\/files\/2015\/01\/IMG_365911-e1421135953347.jpg\"><img loading=\"lazy\" decoding=\"async\" class=\"size-large wp-image-570 aligncenter\" src=\"http:\/\/blogg.improveme.se\/marieoddsson\/files\/2015\/01\/IMG_365911-e1421135953347-755x566.jpg\" alt=\"IMG_3659[1]\" width=\"755\" height=\"566\" srcset=\"https:\/\/blogg.improveme.se\/marieoddsson\/files\/2015\/01\/IMG_365911-e1421135953347-755x566.jpg 755w, https:\/\/blogg.improveme.se\/marieoddsson\/files\/2015\/01\/IMG_365911-e1421135953347-300x225.jpg 300w, https:\/\/blogg.improveme.se\/marieoddsson\/files\/2015\/01\/IMG_365911-e1421135953347.jpg 1624w\" sizes=\"auto, (max-width: 755px) 100vw, 755px\" \/><\/a><\/p>\n<p>I dag \u00e4r det vanligt med kosttillskott f\u00f6r att f\u00e5 ett vackrare h\u00e5r. Hair Optimizer \u00e4r ett kosttillskott som har\u00a0ekologiska extrakt fr\u00e5n hirs (s\u00e4desslag) som \u00e4r rikt p\u00e5 miliacin, ekologisk vetegroddsolja och aminosyran L-cystein. Hair Optimizer inneh\u00e5ller pantotensyra, biotin som bidrar till en normal h\u00e5rv\u00e4xt och koppar som bidrar h\u00e5rets normala pigmentering. Selen och zink\u00a0hj\u00e4lper till att bibeh\u00e5lla normalt h\u00e5r och \u00e4ven\u00a0naglarna.<\/p>\n<p>Hair Optimizer hittar ni <a href=\"http:\/\/shop.medicanord.se\/product.html\/hair-optimizer?category_id=8\" target=\"_blank\">h\u00e4r<\/a>.<\/p>\n<p><a href=\"http:\/\/blogg.improveme.se\/marieoddsson\/files\/2015\/01\/IMG_35081-e1421135359362.jpg\"><img loading=\"lazy\" decoding=\"async\" class=\"size-large wp-image-571 aligncenter\" src=\"http:\/\/blogg.improveme.se\/marieoddsson\/files\/2015\/01\/IMG_35081-755x566.jpg\" alt=\"IMG_3508[1]\" width=\"755\" height=\"566\" \/><\/a><\/p>\n<p>Ha en fin dag.<\/p>\n<p>&nbsp;<\/p>\n","protected":false},"excerpt":{"rendered":"<p>H\u00e5ret \u00e4r en\u00a0mycket viktigt del\u00a0f\u00f6r ens personlighet f\u00f6r m\u00e5nga. Vilken tjej har inte dr\u00f6mt om ett l\u00e5ngt lockigt h\u00e5rsvall? Sj\u00e4lv har jag v\u00e4ldigt rakt h\u00e5r, det vill s\u00e4ga inget fall alls. En av mina fris\u00f6rer fr\u00e5gade mig en g\u00e5ng om jag str\u00f6k mitt h\u00e5r varje morgon. Det h\u00e4r var innan det fanns platt\u00e4nger. Vi har &#8230; <a title=\"H\u00e5ravfall\/defluvium\" class=\"read-more\" href=\"https:\/\/blogg.improveme.se\/marieoddsson\/2015\/01\/13\/haravfalldefluvium\/\" aria-label=\"L\u00e4s mer om H\u00e5ravfall\/defluvium\">L\u00e4s mer<\/a><\/p>\n","protected":false},"author":9656,"featured_media":0,"comment_status":"open","ping_status":"open","sticky":false,"template":"","format":"standard","meta":{"footnotes":""},"categories":[1],"tags":[143,3,142,111],"class_list":["post-572","post","type-post","status-publish","format-standard","hentry","category-okategoriserad","tag-hair-optimizer","tag-halsa","tag-har","tag-naglar"],"_links":{"self":[{"href":"https:\/\/blogg.improveme.se\/marieoddsson\/wp-json\/wp\/v2\/posts\/572","targetHints":{"allow":["GET"]}}],"collection":[{"href":"https:\/\/blogg.improveme.se\/marieoddsson\/wp-json\/wp\/v2\/posts"}],"about":[{"href":"https:\/\/blogg.improveme.se\/marieoddsson\/wp-json\/wp\/v2\/types\/post"}],"author":[{"embeddable":true,"href":"https:\/\/blogg.improveme.se\/marieoddsson\/wp-json\/wp\/v2\/users\/9656"}],"replies":[{"embeddable":true,"href":"https:\/\/blogg.improveme.se\/marieoddsson\/wp-json\/wp\/v2\/comments?post=572"}],"version-history":[{"count":0,"href":"https:\/\/blogg.improveme.se\/marieoddsson\/wp-json\/wp\/v2\/posts\/572\/revisions"}],"wp:attachment":[{"href":"https:\/\/blogg.improveme.se\/marieoddsson\/wp-json\/wp\/v2\/media?parent=572"}],"wp:term":[{"taxonomy":"category","embeddable":true,"href":"https:\/\/blogg.improveme.se\/marieoddsson\/wp-json\/wp\/v2\/categories?post=572"},{"taxonomy":"post_tag","embeddable":true,"href":"https:\/\/blogg.improveme.se\/marieoddsson\/wp-json\/wp\/v2\/tags?post=572"}],"curies":[{"name":"wp","href":"https:\/\/api.w.org\/{rel}","templated":true}]}}