{"id":704,"date":"2015-02-03T21:53:40","date_gmt":"2015-02-03T20:53:40","guid":{"rendered":"http:\/\/blogg.improveme.se\/marieoddsson\/?p=704"},"modified":"2015-02-03T21:53:40","modified_gmt":"2015-02-03T20:53:40","slug":"till-var-fabrik","status":"publish","type":"post","link":"https:\/\/blogg.improveme.se\/marieoddsson\/2015\/02\/03\/till-var-fabrik\/","title":{"rendered":"Till v\u00e5r fabrik"},"content":{"rendered":"<p>I dag s\u00e5 tog jag och mina arbetskollegor t\u00e5get till v\u00e5r fabrik d\u00e4r det tillverkar ansiktsprodukter fr\u00e5n\u00a0Jabushe.<\/p>\n<p><a href=\"http:\/\/blogg.improveme.se\/marieoddsson\/files\/2015\/02\/FullSizeRender2-e1422992411501.jpg\"><img loading=\"lazy\" decoding=\"async\" class=\"size-large wp-image-708 aligncenter\" src=\"http:\/\/blogg.improveme.se\/marieoddsson\/files\/2015\/02\/FullSizeRender2-755x566.jpg\" alt=\"FullSizeRender\" width=\"755\" height=\"566\" \/><\/a><\/p>\n<p>Vi\u00a0 gick bland annat\u00a0p\u00e5 en rundvandring med Britta som var ansvarig f\u00f6r milj\u00f6 och f\u00f6r s\u00e4kerheten.\u00a0F\u00f6rst fick vi byta om och s\u00e4tta p\u00e5 oss dessa ber\u00f6mda bl\u00e5a plastskydd p\u00e5 f\u00f6tternas\u00a0(som jag oftast gl\u00f6mmer att ta av mig f\u00f6r \u00f6vrigt), en skyddsrock, ocks\u00e5 den eng\u00e5ngs samt ett l\u00e4ckert h\u00e5rn\u00e4t. Nu var vi f\u00e4rdiga och redo f\u00f6r rundvandringen.<\/p>\n<p><a href=\"http:\/\/blogg.improveme.se\/marieoddsson\/files\/2015\/02\/FullSizeRender-e1422984649138.jpg\"><img loading=\"lazy\" decoding=\"async\" class=\"size-large wp-image-702 aligncenter\" src=\"http:\/\/blogg.improveme.se\/marieoddsson\/files\/2015\/02\/FullSizeRender-755x566.jpg\" alt=\"FullSizeRender\" width=\"755\" height=\"566\" \/><\/a><\/p>\n<p>Det fanns m\u00e5nga olika k\u00e4rl d\u00e4r\u00a0kr\u00e4mer, schampon och dofter m.m. blandades till.\u00a0Rutiner och restriktioner\u00a0m\u00e5ste f\u00f6ljas till punkt och pricka vid tillverkningen.\u00a0Olika j\u00e4ttemaskiner\u00a0\u00a0gjorde flera steg i processen, noga utr\u00e4knat sj\u00e4lvklart. Trots det s\u00e5\u00a0\u00e4r det en hel del moment manuella, av flinka fingrar.\u00a0Nu kan jag med all r\u00e4tt s\u00e4ga att v\u00e5ra produkter \u00e4r gjorda i <strong>Sverige f\u00f6r hand och med k\u00e4rlek<\/strong>.\u00a0Efter det fick vi\u00a0 information om v\u00e5ra f\u00f6rpackningar, emballage och\u00a0pumpar. Kemister\u00a0delgav oss en v\u00e4rld av ingredienser&#8230;.man kanske ska bli kemist i sitt n\u00e4sta liv?\u00a0\u00a0F\u00f6r att producera en kr\u00e4m f\u00e4rdig till konsument\u00a0 \u00e4r\u00a0 det m\u00e5nga olika\u00a0steg\u00a0och alla \u00e4r lika viktiga. Sj\u00e4lvklart \u00e4r hygien en s\u00e5dan viktig punkt.<\/p>\n<p>I dag \u00e4r det popul\u00e4rt att tillverka sina egna kr\u00e4mer hemma. Sj\u00e4lvklart \u00e4r det viktigt med hygien \u00e4ven h\u00e4r.\u00a0H\u00e5llbarheten f\u00f6r hemgjorda kr\u00e4mer \u00e4r ofta kort,\u00a0det \u00e4r d\u00e4rf\u00f6r bra om\u00a0de\u00a0anv\u00e4nds\u00a0s\u00e5 snart som m\u00f6jligt. Det beror p\u00e5 att man ofta inte har n\u00e5gon typ av konserveringsmedel i och\u00a0d\u00e5 \u00e4r det l\u00e4ttare\u00a0f\u00f6r bakterier att b\u00f6rja gro i kr\u00e4men. B\u00e4st \u00e4r det om man ser p\u00e5 denna typ av produkt som en f\u00e4rskvara likt\u00a0mat, frukt och\u00a0mejeriprodukter. Sj\u00e4lvklart kan du inte spara en k\u00f6pt kr\u00e4m hur l\u00e4nge som helst heller. Det finns m\u00e4rkt p\u00e5\u00a0f\u00f6rpackningen hur l\u00e4nge den h\u00e5ller\u00a0fr\u00e5n att den \u00f6ppnas.<\/p>\n<p>Det var\u00a0en mycket givande och trevlig dag p\u00e5 alla s\u00e4tt och vis, tack Hardford, vi kommer g\u00e4rna tillbaka.<\/p>\n<p><a href=\"http:\/\/blogg.improveme.se\/marieoddsson\/files\/2015\/02\/FullSizeRender1-e1422992073764.jpg\"><img loading=\"lazy\" decoding=\"async\" class=\"size-large wp-image-707 aligncenter\" src=\"http:\/\/blogg.improveme.se\/marieoddsson\/files\/2015\/02\/FullSizeRender1-755x566.jpg\" alt=\"FullSizeRender\" width=\"755\" height=\"566\" \/><\/a><\/p>\n<p><strong>Made by (delvis) hand in Sweden<\/strong><\/p>\n<p>&nbsp;<\/p>\n","protected":false},"excerpt":{"rendered":"<p>I dag s\u00e5 tog jag och mina arbetskollegor t\u00e5get till v\u00e5r fabrik d\u00e4r det tillverkar ansiktsprodukter fr\u00e5n\u00a0Jabushe. Vi\u00a0 gick bland annat\u00a0p\u00e5 en rundvandring med Britta som var ansvarig f\u00f6r milj\u00f6 och f\u00f6r s\u00e4kerheten.\u00a0F\u00f6rst fick vi byta om och s\u00e4tta p\u00e5 oss dessa ber\u00f6mda bl\u00e5a plastskydd p\u00e5 f\u00f6tternas\u00a0(som jag oftast gl\u00f6mmer att ta av mig f\u00f6r &#8230; <a title=\"Till v\u00e5r fabrik\" class=\"read-more\" href=\"https:\/\/blogg.improveme.se\/marieoddsson\/2015\/02\/03\/till-var-fabrik\/\" aria-label=\"L\u00e4s mer om Till v\u00e5r fabrik\">L\u00e4s mer<\/a><\/p>\n","protected":false},"author":9656,"featured_media":0,"comment_status":"open","ping_status":"open","sticky":false,"template":"","format":"standard","meta":{"footnotes":""},"categories":[1],"tags":[3,479,14,177],"class_list":["post-704","post","type-post","status-publish","format-standard","hentry","category-okategoriserad","tag-halsa","tag-hudvard","tag-jabushe","tag-kramer"],"_links":{"self":[{"href":"https:\/\/blogg.improveme.se\/marieoddsson\/wp-json\/wp\/v2\/posts\/704","targetHints":{"allow":["GET"]}}],"collection":[{"href":"https:\/\/blogg.improveme.se\/marieoddsson\/wp-json\/wp\/v2\/posts"}],"about":[{"href":"https:\/\/blogg.improveme.se\/marieoddsson\/wp-json\/wp\/v2\/types\/post"}],"author":[{"embeddable":true,"href":"https:\/\/blogg.improveme.se\/marieoddsson\/wp-json\/wp\/v2\/users\/9656"}],"replies":[{"embeddable":true,"href":"https:\/\/blogg.improveme.se\/marieoddsson\/wp-json\/wp\/v2\/comments?post=704"}],"version-history":[{"count":0,"href":"https:\/\/blogg.improveme.se\/marieoddsson\/wp-json\/wp\/v2\/posts\/704\/revisions"}],"wp:attachment":[{"href":"https:\/\/blogg.improveme.se\/marieoddsson\/wp-json\/wp\/v2\/media?parent=704"}],"wp:term":[{"taxonomy":"category","embeddable":true,"href":"https:\/\/blogg.improveme.se\/marieoddsson\/wp-json\/wp\/v2\/categories?post=704"},{"taxonomy":"post_tag","embeddable":true,"href":"https:\/\/blogg.improveme.se\/marieoddsson\/wp-json\/wp\/v2\/tags?post=704"}],"curies":[{"name":"wp","href":"https:\/\/api.w.org\/{rel}","templated":true}]}}