{"id":732,"date":"2015-02-09T14:08:16","date_gmt":"2015-02-09T13:08:16","guid":{"rendered":"http:\/\/blogg.improveme.se\/marieoddsson\/?p=732"},"modified":"2015-02-09T14:09:05","modified_gmt":"2015-02-09T13:09:05","slug":"forskning-om-stamceller","status":"publish","type":"post","link":"https:\/\/blogg.improveme.se\/marieoddsson\/2015\/02\/09\/forskning-om-stamceller\/","title":{"rendered":"Forskning om stamceller"},"content":{"rendered":"<p>I dag fick jag mitt magasin fr\u00e5n min branschorganisation Sveriges hudterapeuters riksorganisation (SHR), vi firar 60 \u00e5r i \u00e5r. Hurra f\u00f6r\u00a0oss! I h\u00f6stas var det Cidesco kongress i Grekland. Cidesco \u00e4r en slags internationell sammanslutning f\u00f6r hudterapeuter som\u00a0har sitt s\u00e4te i Z\u00fcrich. F\u00f6rutom m\u00f6ten s\u00e5 finns det olika f\u00f6rel\u00e4sningar att g\u00e5 p\u00e5. V\u00e5r ordf\u00f6rande i SHR, Annica Joensuu var p\u00e5 n\u00e5gra av dessa f\u00f6rel\u00e4sningar som vi nu f\u00e5tt tagit del av via v\u00e5rt magasin. En av dessa f\u00f6rel\u00e4sningar handlade om v\u00e4xt-stamceller och hudv\u00e5rd och anses vara en revolutionerande uppt\u00e4ckt.<\/p>\n<p><a href=\"http:\/\/blogg.improveme.se\/marieoddsson\/files\/2015\/02\/IMG_39861-e1423486285900.jpg\"><img loading=\"lazy\" decoding=\"async\" class=\"size-large wp-image-734 aligncenter\" src=\"http:\/\/blogg.improveme.se\/marieoddsson\/files\/2015\/02\/IMG_39861-755x566.jpg\" alt=\"IMG_3986[1]\" width=\"755\" height=\"566\" \/><\/a><\/p>\n<p>Dr Apoorva Shah fr\u00e5n Indien anser att det viktigaste f\u00f6r att en produkt ska kunna f\u00f6rebygga \u00e5ldrandet \u00e4r att den \u00e4r transdemal. Det vill s\u00e4ga att den jobbar p\u00e5 \u00f6verhuden och l\u00e4derhudens stamceller. B\u00e5de\u00a0Dr Apoorva\u00a0och viss forskning fr\u00e5n Schweiz har visat att stamceller fr\u00e5n bland annat\u00a0\u00e4pple stoppar \u00e5ldersprocessen med upp till 50%. Uppt\u00e4ckten hittades hos ett Schweiziskt \u00e4pple, Malus Domestica som visade sig ha ovanligt l\u00e5ng h\u00e5llbarhet. Denna uppt\u00e4ckt gjordes redan 2008 men d\u00e5 bara p\u00e5 \u00f6verhuden men 2011 hade forskningen g\u00e5tt fram\u00e5t och nu kunde man p\u00e5verka \u00e4ven l\u00e4derhuden. Jag tycker att det \u00e4r j\u00e4tte roligt att de har uppt\u00e4ckt dessa stamceller fr\u00e5n just denna \u00e4ppelsort. Jag hade mer en g\u00e4rna lyssnat p\u00e5 just denna f\u00f6rel\u00e4sning d\u00e5 v\u00e5rat <a href=\"http:\/\/jabushe.se\/jabushe-eyelift-serum\/\" target=\"_blank\">Eye Lift Serum fr\u00e5n Jabushe<\/a> inneh\u00e5ller just stamceller fr\u00e5n detta \u00e4pple.<\/p>\n<p><a href=\"http:\/\/blogg.improveme.se\/marieoddsson\/files\/2015\/02\/IMG_39851-e1423484235275.jpg\"><img loading=\"lazy\" decoding=\"async\" class=\"size-large wp-image-731 aligncenter\" src=\"http:\/\/blogg.improveme.se\/marieoddsson\/files\/2015\/02\/IMG_39851-755x566.jpg\" alt=\"IMG_3985[1]\" width=\"755\" height=\"566\" \/><\/a><\/p>\n<p>Det h\u00e4r serumet \u00e4r direktvekande och \u00e4r perfekt p\u00e5 svullna, p\u00e5siga och m\u00f6rka ringar runt \u00f6gonen. Ett plus \u00e4r att det \u00e4r sk\u00f6nt\u00a0svalkande ocks\u00e5. Sj\u00e4lv s\u00e5 b\u00f6rjar jag med detta serum f\u00f6rst innan jag l\u00e4gger p\u00e5 min \u00f6gonkr\u00e4m fr\u00e5n Jabushe som jobbar mer med mina \u00e5lderstecken. K\u00e4nner mig redan lite piggare \ud83d\ude42<\/p>\n","protected":false},"excerpt":{"rendered":"<p>I dag fick jag mitt magasin fr\u00e5n min branschorganisation Sveriges hudterapeuters riksorganisation (SHR), vi firar 60 \u00e5r i \u00e5r. Hurra f\u00f6r\u00a0oss! I h\u00f6stas var det Cidesco kongress i Grekland. Cidesco \u00e4r en slags internationell sammanslutning f\u00f6r hudterapeuter som\u00a0har sitt s\u00e4te i Z\u00fcrich. F\u00f6rutom m\u00f6ten s\u00e5 finns det olika f\u00f6rel\u00e4sningar att g\u00e5 p\u00e5. V\u00e5r ordf\u00f6rande i &#8230; <a title=\"Forskning om stamceller\" class=\"read-more\" href=\"https:\/\/blogg.improveme.se\/marieoddsson\/2015\/02\/09\/forskning-om-stamceller\/\" aria-label=\"L\u00e4s mer om Forskning om stamceller\">L\u00e4s mer<\/a><\/p>\n","protected":false},"author":9656,"featured_media":0,"comment_status":"open","ping_status":"open","sticky":false,"template":"","format":"standard","meta":{"footnotes":""},"categories":[1],"tags":[3,479,183,185,184],"class_list":["post-732","post","type-post","status-publish","format-standard","hentry","category-okategoriserad","tag-halsa","tag-hudvard","tag-jabushe-eye-lift-serum","tag-malus-domestica","tag-stamceller"],"_links":{"self":[{"href":"https:\/\/blogg.improveme.se\/marieoddsson\/wp-json\/wp\/v2\/posts\/732","targetHints":{"allow":["GET"]}}],"collection":[{"href":"https:\/\/blogg.improveme.se\/marieoddsson\/wp-json\/wp\/v2\/posts"}],"about":[{"href":"https:\/\/blogg.improveme.se\/marieoddsson\/wp-json\/wp\/v2\/types\/post"}],"author":[{"embeddable":true,"href":"https:\/\/blogg.improveme.se\/marieoddsson\/wp-json\/wp\/v2\/users\/9656"}],"replies":[{"embeddable":true,"href":"https:\/\/blogg.improveme.se\/marieoddsson\/wp-json\/wp\/v2\/comments?post=732"}],"version-history":[{"count":0,"href":"https:\/\/blogg.improveme.se\/marieoddsson\/wp-json\/wp\/v2\/posts\/732\/revisions"}],"wp:attachment":[{"href":"https:\/\/blogg.improveme.se\/marieoddsson\/wp-json\/wp\/v2\/media?parent=732"}],"wp:term":[{"taxonomy":"category","embeddable":true,"href":"https:\/\/blogg.improveme.se\/marieoddsson\/wp-json\/wp\/v2\/categories?post=732"},{"taxonomy":"post_tag","embeddable":true,"href":"https:\/\/blogg.improveme.se\/marieoddsson\/wp-json\/wp\/v2\/tags?post=732"}],"curies":[{"name":"wp","href":"https:\/\/api.w.org\/{rel}","templated":true}]}}