{"id":740,"date":"2015-02-10T13:35:03","date_gmt":"2015-02-10T12:35:03","guid":{"rendered":"http:\/\/blogg.improveme.se\/marieoddsson\/?p=740"},"modified":"2015-02-10T13:35:03","modified_gmt":"2015-02-10T12:35:03","slug":"har","status":"publish","type":"post","link":"https:\/\/blogg.improveme.se\/marieoddsson\/2015\/02\/10\/har\/","title":{"rendered":"H\u00e5r"},"content":{"rendered":"<p>Det finns en rad orsaker till h\u00e5ravfall, en del kortvariga medan andra \u00e4r permanenta. H\u00e5ret blir ocks\u00e5 generellt tunnare med \u00e5ren rent allm\u00e4nt. H\u00e5ravfall \u00e4r n\u00e5got som drabbar b\u00e5de m\u00e4n och kvinnor i st\u00f6rre eller mindre utstr\u00e4ckning n\u00e5gon g\u00e5ng i livet. Hur mycket eller lite h\u00e5r vi tappar \u00e4r till stor del \u00e4rftligt men det finns andra orsaker som p\u00e5verkar ocks\u00e5. Milj\u00f6n, stress, medicinering och sjukdomar g\u00e5r att r\u00e4kna in. En del b\u00f6rjar tappa sitt h\u00e5r redan vid 16\u201317-\u00e5rs \u00e5ldern, och vid 20-\u00e5rs \u00e5lder kan vissa av dessa inte ha n\u00e5got h\u00e5r kvar alls. Medans andra har tjockt h\u00e5r kvar till en h\u00f6g \u00e5lder. H\u00e5ret betyder ganska mycket f\u00f6r m\u00e5nga idag. Vi \u00e4gnar massor med tid och pengar p\u00e5 att g\u00e5 till fris\u00f6ren och att styla oss. Nu har jag en j\u00e4tteduktig fris\u00f6r som \u00e4r fantastiskt duktig p\u00e5 just mitt h\u00e5r, och det \u00e4r naturligtvis minst lika viktigt, om inte viktigare.<\/p>\n<p><a href=\"http:\/\/blogg.improveme.se\/marieoddsson\/files\/2015\/02\/IMG_39991-e1423559758319.jpg\"><img loading=\"lazy\" decoding=\"async\" class=\"size-large wp-image-738 aligncenter\" src=\"http:\/\/blogg.improveme.se\/marieoddsson\/files\/2015\/02\/IMG_39991-755x566.jpg\" alt=\"IMG_3999[1]\" width=\"755\" height=\"566\" \/><\/a><\/p>\n<p>Tjockt, l\u00e5ng, svallande h\u00e5r \u00e4r fortfarande ett sundhetstecken, vi ser friska ut helt enkelt. Sj\u00e4lv upplevde jag att jag fick ett fantastiskt h\u00e5r n\u00e4r jag var gravid med mitt f\u00f6rsta barn, fylligt med en fin lyster. D\u00e4remot n\u00e4r jag hade f\u00e5tt mitt andra barn var det tv\u00e4rtom mer \u00e5t det tunnare mattare h\u00e5llet. S\u00e5 mycket g\u00e5r att uppn\u00e5 med stylingprodukter utifr\u00e5n. Man kan ocks\u00e5 \u00e4ta kosttillskott f\u00f6r att f\u00f6rb\u00e4ttra sin h\u00e5rkvalitet. Det finns flera m\u00e4rken p\u00e5 marknaden, sj\u00e4lv gillar jag <a href=\"http:\/\/shop.medicanord.se\/product.html\/hair-optimizer?category_id=8\" target=\"_blank\">Hair Optemizer<\/a> d\u00e5 den tillf\u00f6r n\u00e4rings\u00e4mnen till h\u00e5rroten och det i sin tur bidrar till ett normalt h\u00e5r. Hirs, miliacin, vetegroddsolja och aminosyran L-cystein som \u00e4r en viktig del i proteinet keratin (det protein som h\u00e5ret prim\u00e4rt \u00e4r uppbyggt av).<\/p>\n<p><a href=\"http:\/\/blogg.improveme.se\/marieoddsson\/files\/2015\/02\/IMG_40011-e1423559863360.jpg\"><img loading=\"lazy\" decoding=\"async\" class=\"size-large wp-image-739 aligncenter\" src=\"http:\/\/blogg.improveme.se\/marieoddsson\/files\/2015\/02\/IMG_40011-755x566.jpg\" alt=\"IMG_4001[1]\" width=\"755\" height=\"566\" \/><\/a><\/p>\n<p>S\u00e5 m\u00e5nga v\u00e4ljer att behandla och boosta sitt h\u00e5r\u00a0 inifr\u00e5n med kosttillskott och utifr\u00e5n med skyddande, st\u00e4rkande och v\u00e5rdande produkter.<\/p>\n","protected":false},"excerpt":{"rendered":"<p>Det finns en rad orsaker till h\u00e5ravfall, en del kortvariga medan andra \u00e4r permanenta. H\u00e5ret blir ocks\u00e5 generellt tunnare med \u00e5ren rent allm\u00e4nt. H\u00e5ravfall \u00e4r n\u00e5got som drabbar b\u00e5de m\u00e4n och kvinnor i st\u00f6rre eller mindre utstr\u00e4ckning n\u00e5gon g\u00e5ng i livet. Hur mycket eller lite h\u00e5r vi tappar \u00e4r till stor del \u00e4rftligt men det &#8230; <a title=\"H\u00e5r\" class=\"read-more\" href=\"https:\/\/blogg.improveme.se\/marieoddsson\/2015\/02\/10\/har\/\" aria-label=\"L\u00e4s mer om H\u00e5r\">L\u00e4s mer<\/a><\/p>\n","protected":false},"author":9656,"featured_media":0,"comment_status":"open","ping_status":"open","sticky":false,"template":"","format":"standard","meta":{"footnotes":""},"categories":[1],"tags":[143,3,142],"class_list":["post-740","post","type-post","status-publish","format-standard","hentry","category-okategoriserad","tag-hair-optimizer","tag-halsa","tag-har"],"_links":{"self":[{"href":"https:\/\/blogg.improveme.se\/marieoddsson\/wp-json\/wp\/v2\/posts\/740","targetHints":{"allow":["GET"]}}],"collection":[{"href":"https:\/\/blogg.improveme.se\/marieoddsson\/wp-json\/wp\/v2\/posts"}],"about":[{"href":"https:\/\/blogg.improveme.se\/marieoddsson\/wp-json\/wp\/v2\/types\/post"}],"author":[{"embeddable":true,"href":"https:\/\/blogg.improveme.se\/marieoddsson\/wp-json\/wp\/v2\/users\/9656"}],"replies":[{"embeddable":true,"href":"https:\/\/blogg.improveme.se\/marieoddsson\/wp-json\/wp\/v2\/comments?post=740"}],"version-history":[{"count":0,"href":"https:\/\/blogg.improveme.se\/marieoddsson\/wp-json\/wp\/v2\/posts\/740\/revisions"}],"wp:attachment":[{"href":"https:\/\/blogg.improveme.se\/marieoddsson\/wp-json\/wp\/v2\/media?parent=740"}],"wp:term":[{"taxonomy":"category","embeddable":true,"href":"https:\/\/blogg.improveme.se\/marieoddsson\/wp-json\/wp\/v2\/categories?post=740"},{"taxonomy":"post_tag","embeddable":true,"href":"https:\/\/blogg.improveme.se\/marieoddsson\/wp-json\/wp\/v2\/tags?post=740"}],"curies":[{"name":"wp","href":"https:\/\/api.w.org\/{rel}","templated":true}]}}