{"id":743,"date":"2015-02-11T09:43:52","date_gmt":"2015-02-11T08:43:52","guid":{"rendered":"http:\/\/blogg.improveme.se\/marieoddsson\/?p=743"},"modified":"2015-02-11T09:43:52","modified_gmt":"2015-02-11T08:43:52","slug":"vem-blir-din-valentin","status":"publish","type":"post","link":"https:\/\/blogg.improveme.se\/marieoddsson\/2015\/02\/11\/vem-blir-din-valentin\/","title":{"rendered":"Vem blir din Valentin?"},"content":{"rendered":"<p>Vi har m\u00e5nga olika dagar att fira i v\u00e5rt avl\u00e5nga land, Alla hj\u00e4rtans dag \u00e4r en av dem. Den 14 februari \u00e4r det dags igen. En temadag som har sitt ursprung i traditioner som uppstod kring helgonet Sankt Valentin under medeltiden i Frankrike och England.<\/p>\n<p>Vem blir din Valentin nu p\u00e5 l\u00f6rdag, och ska du g\u00f6ra\/ge\u00a0n\u00e5got speciellt p\u00e5 Valentin day? P\u00e5 1300-talet b\u00f6rjade det med parbildningslekar f\u00f6r ungdomar och f\u00f6r\u00e4lskade. Det blev sen dikter, kort, blommor och sm\u00e5 presenter. I dag \u00e4r det sj\u00e4lvklart ett stort fl\u00f6de p\u00e5 alla m\u00f6jliga kanaler p\u00e5 webben, sms, FB, twitter, instagram, snapshot, bilder, filmklipp m.m. Nu har \u00e4ven presenterna blivit mera upplevelser, f\u00e5 massage-, \u00e5k i v\u00e4g en weekend-, laga sensuell mat tillsammans. Viktigast \u00e4r att det har en koppling till romantik, k\u00e4rlek men i dag \u00e4ven v\u00e4nskap.<\/p>\n<p><a href=\"http:\/\/blogg.improveme.se\/marieoddsson\/files\/2015\/02\/IMG_400511-e1423643898653.jpg\"><img loading=\"lazy\" decoding=\"async\" class=\"size-large wp-image-748 aligncenter\" src=\"http:\/\/blogg.improveme.se\/marieoddsson\/files\/2015\/02\/IMG_400511-755x566.jpg\" alt=\"IMG_4005[1]\" width=\"755\" height=\"566\" \/><\/a><\/p>\n<p>M\u00e5nga av oss kan beh\u00f6va lite extra omtanke och k\u00e4rlek lite d\u00e5 och d\u00e5, men nu p\u00e5 l\u00f6rdag \u00e4r det k\u00e4rlekens dag, s\u00e5 passa p\u00e5. S\u00e5 l\u00e4nge hj\u00e4rtat kan sl\u00e5\u2026<\/p>\n","protected":false},"excerpt":{"rendered":"<p>Vi har m\u00e5nga olika dagar att fira i v\u00e5rt avl\u00e5nga land, Alla hj\u00e4rtans dag \u00e4r en av dem. Den 14 februari \u00e4r det dags igen. En temadag som har sitt ursprung i traditioner som uppstod kring helgonet Sankt Valentin under medeltiden i Frankrike och England. Vem blir din Valentin nu p\u00e5 l\u00f6rdag, och ska du &#8230; <a title=\"Vem blir din Valentin?\" class=\"read-more\" href=\"https:\/\/blogg.improveme.se\/marieoddsson\/2015\/02\/11\/vem-blir-din-valentin\/\" aria-label=\"L\u00e4s mer om Vem blir din Valentin?\">L\u00e4s mer<\/a><\/p>\n","protected":false},"author":9656,"featured_media":0,"comment_status":"open","ping_status":"open","sticky":false,"template":"","format":"standard","meta":{"footnotes":""},"categories":[1],"tags":[3,186],"class_list":["post-743","post","type-post","status-publish","format-standard","hentry","category-okategoriserad","tag-halsa","tag-valentines-day"],"_links":{"self":[{"href":"https:\/\/blogg.improveme.se\/marieoddsson\/wp-json\/wp\/v2\/posts\/743","targetHints":{"allow":["GET"]}}],"collection":[{"href":"https:\/\/blogg.improveme.se\/marieoddsson\/wp-json\/wp\/v2\/posts"}],"about":[{"href":"https:\/\/blogg.improveme.se\/marieoddsson\/wp-json\/wp\/v2\/types\/post"}],"author":[{"embeddable":true,"href":"https:\/\/blogg.improveme.se\/marieoddsson\/wp-json\/wp\/v2\/users\/9656"}],"replies":[{"embeddable":true,"href":"https:\/\/blogg.improveme.se\/marieoddsson\/wp-json\/wp\/v2\/comments?post=743"}],"version-history":[{"count":0,"href":"https:\/\/blogg.improveme.se\/marieoddsson\/wp-json\/wp\/v2\/posts\/743\/revisions"}],"wp:attachment":[{"href":"https:\/\/blogg.improveme.se\/marieoddsson\/wp-json\/wp\/v2\/media?parent=743"}],"wp:term":[{"taxonomy":"category","embeddable":true,"href":"https:\/\/blogg.improveme.se\/marieoddsson\/wp-json\/wp\/v2\/categories?post=743"},{"taxonomy":"post_tag","embeddable":true,"href":"https:\/\/blogg.improveme.se\/marieoddsson\/wp-json\/wp\/v2\/tags?post=743"}],"curies":[{"name":"wp","href":"https:\/\/api.w.org\/{rel}","templated":true}]}}