{"id":758,"date":"2015-02-13T17:27:58","date_gmt":"2015-02-13T16:27:58","guid":{"rendered":"http:\/\/blogg.improveme.se\/marieoddsson\/?p=758"},"modified":"2015-02-13T17:27:58","modified_gmt":"2015-02-13T16:27:58","slug":"fredagen-den-13","status":"publish","type":"post","link":"https:\/\/blogg.improveme.se\/marieoddsson\/2015\/02\/13\/fredagen-den-13\/","title":{"rendered":"Fredagen den 13"},"content":{"rendered":"<p>Fredagen den 13 finns det en hel del skrivet om i historien. Fram f\u00f6r allt handlar det om att bli f\u00f6rr\u00e5d, panik, svek och ond br\u00e5d d\u00f6d. Tron att fredagen den 13 \u00e4r en otursdag \u00e4r gammal. Dels \u00e4r siffran odelbar vilket retar de gamla matematikerna och statistiskt sker fler olyckor p\u00e5 fredagen den 13. Men en s\u00e5 l\u00e4nge ser det bra ut i Stockholms omr\u00e5de, inga katastrofer. Sj\u00e4lv \u00e4r jag inte speciellt skrockfull, s\u00e5 att det \u00e4r fredagen den 13 bekommer mig inte alls. F\u00f6r \u00f6vrigt s\u00e5 har det varit n\u00e5gra shades of grey i dag men inte \u201dFifty shades of Grey som tur \u00e4r. S\u00e5 nu \u00e4r det dags att packa ihop och b\u00f6rja dra sig hem\u00e5t.<\/p>\n<p><a href=\"http:\/\/blogg.improveme.se\/marieoddsson\/files\/2015\/02\/IMG_40361-e1423844614826.jpg\"><img loading=\"lazy\" decoding=\"async\" class=\"size-large wp-image-760 alignnone\" src=\"http:\/\/blogg.improveme.se\/marieoddsson\/files\/2015\/02\/IMG_40361-e1423844579382-755x566.jpg\" alt=\"IMG_4036[1]\" width=\"755\" height=\"566\" \/><\/a><\/p>\n<p>&nbsp;<\/p>\n<p>Vill passa p\u00e5 att \u00f6nska er en trevlig fredags kv\u00e4ll.<\/p>\n<p>&nbsp;<\/p>\n","protected":false},"excerpt":{"rendered":"<p>Fredagen den 13 finns det en hel del skrivet om i historien. Fram f\u00f6r allt handlar det om att bli f\u00f6rr\u00e5d, panik, svek och ond br\u00e5d d\u00f6d. Tron att fredagen den 13 \u00e4r en otursdag \u00e4r gammal. Dels \u00e4r siffran odelbar vilket retar de gamla matematikerna och statistiskt sker fler olyckor p\u00e5 fredagen den 13. &#8230; <a title=\"Fredagen den 13\" class=\"read-more\" href=\"https:\/\/blogg.improveme.se\/marieoddsson\/2015\/02\/13\/fredagen-den-13\/\" aria-label=\"L\u00e4s mer om Fredagen den 13\">L\u00e4s mer<\/a><\/p>\n","protected":false},"author":9656,"featured_media":0,"comment_status":"open","ping_status":"open","sticky":false,"template":"","format":"standard","meta":{"footnotes":""},"categories":[1],"tags":[188,3],"class_list":["post-758","post","type-post","status-publish","format-standard","hentry","category-okategoriserad","tag-fredagen-den-13","tag-halsa"],"_links":{"self":[{"href":"https:\/\/blogg.improveme.se\/marieoddsson\/wp-json\/wp\/v2\/posts\/758","targetHints":{"allow":["GET"]}}],"collection":[{"href":"https:\/\/blogg.improveme.se\/marieoddsson\/wp-json\/wp\/v2\/posts"}],"about":[{"href":"https:\/\/blogg.improveme.se\/marieoddsson\/wp-json\/wp\/v2\/types\/post"}],"author":[{"embeddable":true,"href":"https:\/\/blogg.improveme.se\/marieoddsson\/wp-json\/wp\/v2\/users\/9656"}],"replies":[{"embeddable":true,"href":"https:\/\/blogg.improveme.se\/marieoddsson\/wp-json\/wp\/v2\/comments?post=758"}],"version-history":[{"count":0,"href":"https:\/\/blogg.improveme.se\/marieoddsson\/wp-json\/wp\/v2\/posts\/758\/revisions"}],"wp:attachment":[{"href":"https:\/\/blogg.improveme.se\/marieoddsson\/wp-json\/wp\/v2\/media?parent=758"}],"wp:term":[{"taxonomy":"category","embeddable":true,"href":"https:\/\/blogg.improveme.se\/marieoddsson\/wp-json\/wp\/v2\/categories?post=758"},{"taxonomy":"post_tag","embeddable":true,"href":"https:\/\/blogg.improveme.se\/marieoddsson\/wp-json\/wp\/v2\/tags?post=758"}],"curies":[{"name":"wp","href":"https:\/\/api.w.org\/{rel}","templated":true}]}}