{"id":782,"date":"2015-02-20T10:26:29","date_gmt":"2015-02-20T09:26:29","guid":{"rendered":"http:\/\/blogg.improveme.se\/marieoddsson\/?p=782"},"modified":"2015-02-20T10:26:29","modified_gmt":"2015-02-20T09:26:29","slug":"vad-hander-efter-solen","status":"publish","type":"post","link":"https:\/\/blogg.improveme.se\/marieoddsson\/2015\/02\/20\/vad-hander-efter-solen\/","title":{"rendered":"Vad h\u00e4nder EFTER solen?"},"content":{"rendered":"<p>Att solen \u00e4r skadlig och orsakar ett f\u00f6r tidigt \u00e5ldrande genom att huden blir tjock, slapp och rynkig \u00e4r inget nytt. Att f\u00f6r mycket solexponering under l\u00e5ng tid \u00f6kar risken f\u00f6r hudf\u00f6r\u00e4ndringar och elakartade hudtum\u00f6rer, aktinisk keratos, skivepitelcancer och basalcellscancer \u00e4r heller inget nytt. Varje dag f\u00e5r 10\u00a0000 personer elakartad hudcancer varje \u00e5r i Sverige, och det \u00e4r den cancersort som \u00f6kar mest. Att huden blir brun \u00e4r ett f\u00f6rsvar mot UV-str\u00e5lning. Den g\u00f6r hudens hornlager tjockare och vi f\u00e5r mer f\u00e4rg p\u00e5 grund av att pigmentproduktionen \u00f6kar.<\/p>\n<p><a href=\"http:\/\/blogg.improveme.se\/marieoddsson\/files\/2015\/02\/IMG_29021-e1424423137598.jpg\"><img loading=\"lazy\" decoding=\"async\" class=\"aligncenter size-large wp-image-781\" src=\"http:\/\/blogg.improveme.se\/marieoddsson\/files\/2015\/02\/IMG_29021-755x566.jpg\" alt=\"IMG_2902[1]\" width=\"755\" height=\"566\" \/><\/a><\/p>\n<p>Mycket av de pigmentf\u00f6r\u00e4ndringar men \u00e4ven andra hudf\u00f6r\u00e4ndringar vi f\u00e5r p\u00e5 huden med \u00e5ldern beror p\u00e5 v\u00e5r sammanslagna tid som vi har varit i solen under v\u00e5rt liv. Det f\u00f6rsta tecknet p\u00e5 att vi har f\u00e5tt f\u00f6r mycket sol p\u00e5 oss \u00e4r en rodnad i huden som ofta sticker, v\u00e4rmer, hettar. Kroppen \u00e4r fantastisk d\u00e5 den ofta kan reparera sig. Vid upprepade solskador under en l\u00e4ngre tid s\u00e5 f\u00e5r kroppen sv\u00e5rare att f\u00f6rsvara sig.<\/p>\n<p>Men i g\u00e5r p\u00e5 <a href=\"http:\/\/www.svtplay.se\/video\/2686354\/aktuellt\/aktuellt-aktuellt-58\" target=\"_blank\">Aktuellt<\/a>\u00a0(spola fram 3 minuter) kom en ny rapport om vad som h\u00e4nder efter att vi slutat solat. Forskare\u00a0p\u00e5 Karolinska Institutet har nu tagit del av en unders\u00f6kning fr\u00e5n Yale University. D\u00e4r har de nu uppt\u00e4ckt att solen forts\u00e4tter att skada oss i flera timmar efter att vi slutat sola. Det \u00e4r nu grunden f\u00f6r ett nytt solskydd som vi ska sm\u00f6rja in oss med\u00a0efter att vi har varit i solen. Melaninet skyddar oss inte enbart utan bidrar till att skapa hudcancer ocks\u00e5. Detta \u00e4r en kemisk process d\u00e4r melaninet utnyttjas som b\u00e4rare in i cellen f\u00f6r att skada arvsmassan.<\/p>\n<p><a href=\"http:\/\/blogg.improveme.se\/marieoddsson\/files\/2015\/02\/IMG_40931-e1424422691940.jpg\"><img loading=\"lazy\" decoding=\"async\" class=\"aligncenter size-large wp-image-779\" src=\"http:\/\/blogg.improveme.se\/marieoddsson\/files\/2015\/02\/IMG_40931-755x566.jpg\" alt=\"IMG_4093[1]\" width=\"755\" height=\"566\" \/><\/a><\/p>\n<p>Vad den nya solkr\u00e4men ska g\u00f6ra \u00e4r att blockera energi\u00f6verf\u00f6ringen fr\u00e5n reaktiva molekyler till DNA\u00b4t f\u00f6r att f\u00f6rhindra DNAskada. S\u00e5 nu verkar det som om marknaden kommer att f\u00e5 en helt ny typ av solskydd, \u00e4nnu en fokuskr\u00e4m.<\/p>\n","protected":false},"excerpt":{"rendered":"<p>Att solen \u00e4r skadlig och orsakar ett f\u00f6r tidigt \u00e5ldrande genom att huden blir tjock, slapp och rynkig \u00e4r inget nytt. Att f\u00f6r mycket solexponering under l\u00e5ng tid \u00f6kar risken f\u00f6r hudf\u00f6r\u00e4ndringar och elakartade hudtum\u00f6rer, aktinisk keratos, skivepitelcancer och basalcellscancer \u00e4r heller inget nytt. Varje dag f\u00e5r 10\u00a0000 personer elakartad hudcancer varje \u00e5r i Sverige, &#8230; <a title=\"Vad h\u00e4nder EFTER solen?\" class=\"read-more\" href=\"https:\/\/blogg.improveme.se\/marieoddsson\/2015\/02\/20\/vad-hander-efter-solen\/\" aria-label=\"L\u00e4s mer om Vad h\u00e4nder EFTER solen?\">L\u00e4s mer<\/a><\/p>\n","protected":false},"author":9656,"featured_media":0,"comment_status":"open","ping_status":"open","sticky":false,"template":"","format":"standard","meta":{"footnotes":""},"categories":[1],"tags":[195,3,479,193,194,196],"class_list":["post-782","post","type-post","status-publish","format-standard","hentry","category-okategoriserad","tag-aktuellt","tag-halsa","tag-hudvard","tag-solning","tag-solskydd","tag-svt"],"_links":{"self":[{"href":"https:\/\/blogg.improveme.se\/marieoddsson\/wp-json\/wp\/v2\/posts\/782","targetHints":{"allow":["GET"]}}],"collection":[{"href":"https:\/\/blogg.improveme.se\/marieoddsson\/wp-json\/wp\/v2\/posts"}],"about":[{"href":"https:\/\/blogg.improveme.se\/marieoddsson\/wp-json\/wp\/v2\/types\/post"}],"author":[{"embeddable":true,"href":"https:\/\/blogg.improveme.se\/marieoddsson\/wp-json\/wp\/v2\/users\/9656"}],"replies":[{"embeddable":true,"href":"https:\/\/blogg.improveme.se\/marieoddsson\/wp-json\/wp\/v2\/comments?post=782"}],"version-history":[{"count":0,"href":"https:\/\/blogg.improveme.se\/marieoddsson\/wp-json\/wp\/v2\/posts\/782\/revisions"}],"wp:attachment":[{"href":"https:\/\/blogg.improveme.se\/marieoddsson\/wp-json\/wp\/v2\/media?parent=782"}],"wp:term":[{"taxonomy":"category","embeddable":true,"href":"https:\/\/blogg.improveme.se\/marieoddsson\/wp-json\/wp\/v2\/categories?post=782"},{"taxonomy":"post_tag","embeddable":true,"href":"https:\/\/blogg.improveme.se\/marieoddsson\/wp-json\/wp\/v2\/tags?post=782"}],"curies":[{"name":"wp","href":"https:\/\/api.w.org\/{rel}","templated":true}]}}