{"id":809,"date":"2015-02-27T11:14:14","date_gmt":"2015-02-27T10:14:14","guid":{"rendered":"http:\/\/blogg.improveme.se\/marieoddsson\/?p=809"},"modified":"2015-02-27T11:39:17","modified_gmt":"2015-02-27T10:39:17","slug":"nagra-hudtips","status":"publish","type":"post","link":"https:\/\/blogg.improveme.se\/marieoddsson\/2015\/02\/27\/nagra-hudtips\/","title":{"rendered":"N\u00e5gra hudtips"},"content":{"rendered":"<p>Just nu \u00e4r huden ganska gl\u00e5mig och tr\u00e5kig. N\u00e4r det efterl\u00e4ngtade ljuset \u00e4ntligen kommer s\u00e5 ser jag verkligen hur jag ser ut. S\u00e5 nu f\u00e5r det bli\u00a0 lite extra &#8221;pamper\u00edng&#8221; av huden. T\u00e4nkte ge dig n\u00e5gra tips vad du kan g\u00f6ra f\u00f6r att din hud ska m\u00e5 och se b\u00e4ttre ut.<\/p>\n<p>1. B\u00f6rja g\u00e4rna med att g\u00e5\u00a0 till en hudterapeut som f\u00e5r \u201dv\u00e5rst\u00e4da\u201d din hud. Bli omh\u00e4ndertagen i kombination\u00a0 med att f\u00e5 tips och r\u00e5d p\u00e5 vad som g\u00e4ller f\u00f6r just din hud en oslagbar kombination. Du spar ocks\u00e5 tid p\u00e5 att slippa leta runt efter vilka produkter som du ska ha.<\/p>\n<p>2. Reng\u00f6r huden r\u00e4tt. Daglig reng\u00f6ring morgon och kv\u00e4ll \u00e4r grunden till en fr\u00e4sch och vacker hud. V\u00e4lj en mild men effektiv reng\u00f6ring som tar bort orenheter och makeup. Om huden inte \u00e4r helt rengjord s\u00e5 spelar det inte s\u00e5 stor roll vad du l\u00e4gger p\u00e5 huden efter\u00e5t. Sj\u00e4lv gillar jag reng\u00f6ringar som ska sk\u00f6ljas av med ljummet vatten. S\u00e5 ta dig tid att investera i en bra reng\u00f6ring.<\/p>\n<p>3. Se till att din hud f\u00e5r \u201dbada\u201d lite extra i fukt just nu. Ett serum att anv\u00e4nda under din ansiktskr\u00e4m b\u00e5de morgon och kv\u00e4ll kan g\u00f6ra under f\u00f6r en vinter tr\u00f6tt hud. En ansiktsmask som du antingen anv\u00e4nder som en kur, 3-4 g\u00e5nger i veckan i 2-3 veckor. Eller v\u00e4ljer att sova i! Applicera masken \u00f6ver ansikte och hals, l\u00e5t sitta i 10-15 minuter, massera in \u00f6verfl\u00f6det (om n\u00e5got finns kvar) och hopp i s\u00e4ng. Denna sorts mask \u00e4r en kr\u00e4mbaserad mask, inte en gelemask eller lermask.<\/p>\n<p>4. Gl\u00f6m inte bort din hals, dekolletaget eller dina handryggar de beh\u00f6ver ocks\u00e5 lite extra omsorg. De finns speciella produkter f\u00f6r dessa omr\u00e5den, har man inte det hemma s\u00e5 g\u00e5r det att anv\u00e4nda ansiktprodukterna. De h\u00e4r partierna\u00a0blir ocks\u00e5 torra, slappa och rynkiga med tiden. Sj\u00e4lvklart s\u00e5 ska du inte gl\u00f6mma\u00a0din kropp, den beh\u00f6ver naturligtvis hj\u00e4lp mot vintertorkan. En Body lotion med mycket fukt och som doftar ljuvligt g\u00f6r b\u00e5de kropp och sj\u00e4l glad.<\/p>\n<p>5. Pigga upp ditt ansikte med lite concealer och foundation. I dag finns det bra hj\u00e4lp att f\u00e5 med f\u00e4rgval och konsistens p\u00e5 produkterna beroende p\u00e5 hur mycket eller litet man vill t\u00e4cka.<\/p>\n<p>H\u00f6ll p\u00e5 att gl\u00f6mma l\u00e4pparna, detta k\u00e4nsliga lilla omr\u00e5de.<\/p>\n<p><a href=\"http:\/\/blogg.improveme.se\/marieoddsson\/files\/2015\/02\/IMG_41481-e1425030203321.jpg\"><img loading=\"lazy\" decoding=\"async\" class=\"aligncenter wp-image-808 size-full\" src=\"http:\/\/blogg.improveme.se\/marieoddsson\/files\/2015\/02\/IMG_41481-e1425030203321.jpg\" alt=\"IMG_4148[1]\" width=\"733\" height=\"550\" srcset=\"https:\/\/blogg.improveme.se\/marieoddsson\/files\/2015\/02\/IMG_41481-e1425030203321.jpg 733w, https:\/\/blogg.improveme.se\/marieoddsson\/files\/2015\/02\/IMG_41481-e1425030203321-300x225.jpg 300w\" sizes=\"auto, (max-width: 733px) 100vw, 733px\" \/><\/a><\/p>\n<p>Just nu blev det i all enkelhet\u00a0en mjukg\u00f6rande och skyddande l\u00e4pp-produkt, puss p\u00e5 er.<\/p>\n<p><strong>\u00a0<\/strong><\/p>\n","protected":false},"excerpt":{"rendered":"<p>Just nu \u00e4r huden ganska gl\u00e5mig och tr\u00e5kig. N\u00e4r det efterl\u00e4ngtade ljuset \u00e4ntligen kommer s\u00e5 ser jag verkligen hur jag ser ut. S\u00e5 nu f\u00e5r det bli\u00a0 lite extra &#8221;pamper\u00edng&#8221; av huden. T\u00e4nkte ge dig n\u00e5gra tips vad du kan g\u00f6ra f\u00f6r att din hud ska m\u00e5 och se b\u00e4ttre ut. 1. B\u00f6rja g\u00e4rna med &#8230; <a title=\"N\u00e5gra hudtips\" class=\"read-more\" href=\"https:\/\/blogg.improveme.se\/marieoddsson\/2015\/02\/27\/nagra-hudtips\/\" aria-label=\"L\u00e4s mer om N\u00e5gra hudtips\">L\u00e4s mer<\/a><\/p>\n","protected":false},"author":9656,"featured_media":0,"comment_status":"open","ping_status":"open","sticky":false,"template":"","format":"standard","meta":{"footnotes":""},"categories":[1],"tags":[3,201,479],"class_list":["post-809","post","type-post","status-publish","format-standard","hentry","category-okategoriserad","tag-halsa","tag-hudtips","tag-hudvard"],"_links":{"self":[{"href":"https:\/\/blogg.improveme.se\/marieoddsson\/wp-json\/wp\/v2\/posts\/809","targetHints":{"allow":["GET"]}}],"collection":[{"href":"https:\/\/blogg.improveme.se\/marieoddsson\/wp-json\/wp\/v2\/posts"}],"about":[{"href":"https:\/\/blogg.improveme.se\/marieoddsson\/wp-json\/wp\/v2\/types\/post"}],"author":[{"embeddable":true,"href":"https:\/\/blogg.improveme.se\/marieoddsson\/wp-json\/wp\/v2\/users\/9656"}],"replies":[{"embeddable":true,"href":"https:\/\/blogg.improveme.se\/marieoddsson\/wp-json\/wp\/v2\/comments?post=809"}],"version-history":[{"count":0,"href":"https:\/\/blogg.improveme.se\/marieoddsson\/wp-json\/wp\/v2\/posts\/809\/revisions"}],"wp:attachment":[{"href":"https:\/\/blogg.improveme.se\/marieoddsson\/wp-json\/wp\/v2\/media?parent=809"}],"wp:term":[{"taxonomy":"category","embeddable":true,"href":"https:\/\/blogg.improveme.se\/marieoddsson\/wp-json\/wp\/v2\/categories?post=809"},{"taxonomy":"post_tag","embeddable":true,"href":"https:\/\/blogg.improveme.se\/marieoddsson\/wp-json\/wp\/v2\/tags?post=809"}],"curies":[{"name":"wp","href":"https:\/\/api.w.org\/{rel}","templated":true}]}}