{"id":837,"date":"2015-03-04T14:40:16","date_gmt":"2015-03-04T13:40:16","guid":{"rendered":"http:\/\/blogg.improveme.se\/marieoddsson\/?p=837"},"modified":"2015-03-04T14:40:16","modified_gmt":"2015-03-04T13:40:16","slug":"women-in-red","status":"publish","type":"post","link":"https:\/\/blogg.improveme.se\/marieoddsson\/2015\/03\/04\/women-in-red\/","title":{"rendered":"Women in Red"},"content":{"rendered":"<p>Nu pratar jag inte om den gamla romantiska komedin fr\u00e5n 1984, utan en kv\u00e4ll f\u00f6r kvinnohj\u00e4rtat h\u00e4r i Stockholm! Jag och min kollega Kicki ska vara med och visa upp en del av v\u00e5rt <a href=\"http:\/\/medicanord.se\/webshop\/\">sortiment<\/a>, som riktar sig till just kvinnor. F\u00f6r dagen har vi Nypozin f\u00f6r att bibeh\u00e5lla h\u00e4lsosamma och r\u00f6rliga leder, ProCalmin som bidrar till mentalt v\u00e4lbefinnande, fr\u00e4mjar normalt lugn och fokus. Min nya favorit f\u00f6r mina smoothies, Aptiless som f\u00f6rl\u00e4nger m\u00e4ttnadsk\u00e4nslan samt Membra7 som \u00e4r bra mot torra slemhinnor.<\/p>\n<p><a href=\"www.1.6miljonerklubben.com\">1,6 &amp; 2,6 miljonerklubben <\/a>har en kv\u00e4ll f\u00f6r sina medlemmar p\u00e5 Oscarsteatern. Sj\u00e4lvklart \u00e4r hj\u00e4rtat i fokus. Det blir f\u00f6rel\u00e4sningar av Agneta M\u00e5nsson-Bromberg bitr. \u00f6verl\u00e4kare, KI som pratar om hj\u00e4rtskador efter br\u00f6stcancerbehandling. Mai-Lis Hellenius professorer\/\u00f6verl\u00e4kare KI. pratar om \u201dsk\u00e4rmsjukan- se till att inte f\u00e5 den!\u201d. Professor och emerita, KI, Karin Schenck Gustafsson tar upp fr\u00e5gan, \u201dhar vi j\u00e4mst\u00e4lld v\u00e5rd\u201d. Birgitta S\u00f6der, professor i odontologi tar upp Munhygien-Inflammation-Hj\u00e4rtk\u00e4rlsjukdom \u2013 finns det ett samband? Fyra mycket sp\u00e4nnande f\u00f6rel\u00e4sningar i kombination med musik fr\u00e5n Lisa &amp; Gertrud, Arja Saijonmaa, Vocalettes och Devine. Kocken Sigrid Barany och dietisten Latifa Lindgren ber\u00e4ttar om vad vi ska \u00e4ta f\u00f6r hj\u00e4rtat.<\/p>\n<p>Mode i r\u00f6tt, modevisning med k\u00e4nda modeller f\u00e5r s\u00e4tta punkt f\u00f6r kv\u00e4llen, vilken dr\u00f6m att f\u00e5 b\u00e4ra en kl\u00e4nning fr\u00e5n Lars Wallin!<\/p>\n<p><a href=\"http:\/\/blogg.improveme.se\/marieoddsson\/files\/2015\/03\/IMG_41831-e1425464275923.jpg\"><img loading=\"lazy\" decoding=\"async\" class=\"aligncenter size-large wp-image-836\" src=\"http:\/\/blogg.improveme.se\/marieoddsson\/files\/2015\/03\/IMG_41831-755x755.jpg\" alt=\"IMG_4183[1]\" width=\"755\" height=\"755\" \/><\/a><\/p>\n<p>Allt detta kan man ta del av om man \u00e4r medlem 1,6 &amp; 2,6 miljonerklubben, men \u00e4ven om du inte \u00e4r medlem s\u00e5 \u00e4r du v\u00e4lkommen att betala p\u00e5 plats. Jag ser verkligen fram emot denna kv\u00e4ll och inser att \u201djag vill tacka livet\u201d som har gett mig s\u00e5 mycket.<\/p>\n","protected":false},"excerpt":{"rendered":"<p>Nu pratar jag inte om den gamla romantiska komedin fr\u00e5n 1984, utan en kv\u00e4ll f\u00f6r kvinnohj\u00e4rtat h\u00e4r i Stockholm! Jag och min kollega Kicki ska vara med och visa upp en del av v\u00e5rt sortiment, som riktar sig till just kvinnor. F\u00f6r dagen har vi Nypozin f\u00f6r att bibeh\u00e5lla h\u00e4lsosamma och r\u00f6rliga leder, ProCalmin som &#8230; <a title=\"Women in Red\" class=\"read-more\" href=\"https:\/\/blogg.improveme.se\/marieoddsson\/2015\/03\/04\/women-in-red\/\" aria-label=\"L\u00e4s mer om Women in Red\">L\u00e4s mer<\/a><\/p>\n","protected":false},"author":9656,"featured_media":0,"comment_status":"open","ping_status":"open","sticky":false,"template":"","format":"standard","meta":{"footnotes":""},"categories":[1],"tags":[212,211,216,218,3,208,210,209,217,214,213,215,169],"class_list":["post-837","post","type-post","status-publish","format-standard","hentry","category-okategoriserad","tag-2-6-miljonerklubben","tag-a-6-miljonerklubben","tag-aptiless","tag-forelasning","tag-halsa","tag-hjartat","tag-lars-wallin","tag-medicanord","tag-membra7","tag-nypozin","tag-oscarsteatern","tag-procalmin","tag-valmaende"],"_links":{"self":[{"href":"https:\/\/blogg.improveme.se\/marieoddsson\/wp-json\/wp\/v2\/posts\/837","targetHints":{"allow":["GET"]}}],"collection":[{"href":"https:\/\/blogg.improveme.se\/marieoddsson\/wp-json\/wp\/v2\/posts"}],"about":[{"href":"https:\/\/blogg.improveme.se\/marieoddsson\/wp-json\/wp\/v2\/types\/post"}],"author":[{"embeddable":true,"href":"https:\/\/blogg.improveme.se\/marieoddsson\/wp-json\/wp\/v2\/users\/9656"}],"replies":[{"embeddable":true,"href":"https:\/\/blogg.improveme.se\/marieoddsson\/wp-json\/wp\/v2\/comments?post=837"}],"version-history":[{"count":0,"href":"https:\/\/blogg.improveme.se\/marieoddsson\/wp-json\/wp\/v2\/posts\/837\/revisions"}],"wp:attachment":[{"href":"https:\/\/blogg.improveme.se\/marieoddsson\/wp-json\/wp\/v2\/media?parent=837"}],"wp:term":[{"taxonomy":"category","embeddable":true,"href":"https:\/\/blogg.improveme.se\/marieoddsson\/wp-json\/wp\/v2\/categories?post=837"},{"taxonomy":"post_tag","embeddable":true,"href":"https:\/\/blogg.improveme.se\/marieoddsson\/wp-json\/wp\/v2\/tags?post=837"}],"curies":[{"name":"wp","href":"https:\/\/api.w.org\/{rel}","templated":true}]}}