{"id":866,"date":"2015-03-12T10:25:52","date_gmt":"2015-03-12T09:25:52","guid":{"rendered":"http:\/\/blogg.improveme.se\/marieoddsson\/?p=866"},"modified":"2015-03-12T10:25:52","modified_gmt":"2015-03-12T09:25:52","slug":"varstada-huden","status":"publish","type":"post","link":"https:\/\/blogg.improveme.se\/marieoddsson\/2015\/03\/12\/varstada-huden\/","title":{"rendered":"V\u00e5rst\u00e4da huden"},"content":{"rendered":"<p>Nu n\u00e4r solen lyser \u00e4r det dags f\u00f6r en riktig v\u00e5rst\u00e4dning, jag pratar d\u00e5 om min hud sj\u00e4lvklart. Just nu ser man allt p\u00e5 gott och ont. S\u00e5 det f\u00e5 bli Sonoscrub i dag det l\u00e4ngre och djupare programmet. Sonoscrub \u00e4r en maskin som g\u00f6r rent huden p\u00e5 djupet med ultraljud. En skonsam och effektiv reng\u00f6ring\/peeling som man f\u00e5r via en spatel. De snabba vibrationerna i spateln l\u00f6sg\u00f6r d\u00f6da hudceller, talg och andra orenheter i porerna och p\u00e5 hudytan. Det b\u00e4sta \u00e4r att den h\u00e4r apparaten \u00e4r sn\u00e4ll mot huden, den passar f\u00f6r att lugna ner en irriterad hud samtidigt som man f\u00e5r en djupreng\u00f6ring. Det \u00e4r precis vad min hud beh\u00f6ver efter denna h\u00f6st och vinter.<\/p>\n<p><a href=\"http:\/\/blogg.improveme.se\/marieoddsson\/files\/2015\/03\/IMG_41971-e1426150278192.jpg\"><img loading=\"lazy\" decoding=\"async\" class=\"aligncenter size-large wp-image-868\" src=\"http:\/\/blogg.improveme.se\/marieoddsson\/files\/2015\/03\/IMG_41971-755x566.jpg\" alt=\"IMG_4197[1]\" width=\"755\" height=\"566\" \/><\/a><\/p>\n<p>De penslar p\u00e5 en v\u00e4tska som hj\u00e4lper till att l\u00f6sa upp \u201dpormaskar\u201d och annan talg, sen kommer denna platta spatel och vibrerar fram \u00f6ver huden. Resultatet blir att man k\u00e4nner sig ren, fr\u00e4sch och f\u00e5r en fin lyster i huden. Detta ska man helst g\u00f6ra i kurer men det g\u00e5r ocks\u00e5 att l\u00e4gga in som ett komplement vid en vanlig ansiktsbehandling. Efter\u00e5t m\u00e5r huden extra bra om du l\u00e4gger p\u00e5 ett serum med avslutande kr\u00e4m. Huden \u00e4r som ny nu och vill nu fyllas p\u00e5 med\u00a0bra ingredienser som boostar den p\u00e5 diverse s\u00e4tt. Don efter person.<\/p>\n<p>Sen blir det en nyttig lunch k\u00e4nns det som. N\u00e4r man har st\u00e4dat utsidan s\u00e5 vill man g\u00e4rna st\u00e4da insidan och fylla p\u00e5 med nyttigheter. Nu blir det ingen st\u00e4dning av min insida, jag \u00e4r alldeles f\u00f6r glad i mat och diverse annat. D\u00e4remot fyller jag g\u00e4rna p\u00e5 med nyttig energi som ocks\u00e5 \u00e4r bra f\u00f6r min hud.<\/p>\n<p><a href=\"http:\/\/blogg.improveme.se\/marieoddsson\/files\/2015\/03\/IMG_42071-e1426150397357.jpg\"><img loading=\"lazy\" decoding=\"async\" class=\"aligncenter size-large wp-image-869\" src=\"http:\/\/blogg.improveme.se\/marieoddsson\/files\/2015\/03\/IMG_42071-755x566.jpg\" alt=\"IMG_4207[1]\" width=\"755\" height=\"566\" \/><\/a><\/p>\n<p>Massor med C-, E- och A-vitamin men \u00e4ven lite kalcium, magnesium, j\u00e4rn och fosfor g\u00f6r vem som helst pigg och huden f\u00e5r sig en kick p\u00e5 k\u00f6pet.<\/p>\n<p>Trevlig lunch!<\/p>\n","protected":false},"excerpt":{"rendered":"<p>Nu n\u00e4r solen lyser \u00e4r det dags f\u00f6r en riktig v\u00e5rst\u00e4dning, jag pratar d\u00e5 om min hud sj\u00e4lvklart. Just nu ser man allt p\u00e5 gott och ont. S\u00e5 det f\u00e5 bli Sonoscrub i dag det l\u00e4ngre och djupare programmet. Sonoscrub \u00e4r en maskin som g\u00f6r rent huden p\u00e5 djupet med ultraljud. En skonsam och effektiv &#8230; <a title=\"V\u00e5rst\u00e4da huden\" class=\"read-more\" href=\"https:\/\/blogg.improveme.se\/marieoddsson\/2015\/03\/12\/varstada-huden\/\" aria-label=\"L\u00e4s mer om V\u00e5rst\u00e4da huden\">L\u00e4s mer<\/a><\/p>\n","protected":false},"author":9656,"featured_media":0,"comment_status":"open","ping_status":"open","sticky":false,"template":"","format":"standard","meta":{"footnotes":""},"categories":[1],"tags":[226,3,479,225],"class_list":["post-866","post","type-post","status-publish","format-standard","hentry","category-okategoriserad","tag-ansiktsbehandling","tag-halsa","tag-hudvard","tag-sonoscrub"],"_links":{"self":[{"href":"https:\/\/blogg.improveme.se\/marieoddsson\/wp-json\/wp\/v2\/posts\/866","targetHints":{"allow":["GET"]}}],"collection":[{"href":"https:\/\/blogg.improveme.se\/marieoddsson\/wp-json\/wp\/v2\/posts"}],"about":[{"href":"https:\/\/blogg.improveme.se\/marieoddsson\/wp-json\/wp\/v2\/types\/post"}],"author":[{"embeddable":true,"href":"https:\/\/blogg.improveme.se\/marieoddsson\/wp-json\/wp\/v2\/users\/9656"}],"replies":[{"embeddable":true,"href":"https:\/\/blogg.improveme.se\/marieoddsson\/wp-json\/wp\/v2\/comments?post=866"}],"version-history":[{"count":0,"href":"https:\/\/blogg.improveme.se\/marieoddsson\/wp-json\/wp\/v2\/posts\/866\/revisions"}],"wp:attachment":[{"href":"https:\/\/blogg.improveme.se\/marieoddsson\/wp-json\/wp\/v2\/media?parent=866"}],"wp:term":[{"taxonomy":"category","embeddable":true,"href":"https:\/\/blogg.improveme.se\/marieoddsson\/wp-json\/wp\/v2\/categories?post=866"},{"taxonomy":"post_tag","embeddable":true,"href":"https:\/\/blogg.improveme.se\/marieoddsson\/wp-json\/wp\/v2\/tags?post=866"}],"curies":[{"name":"wp","href":"https:\/\/api.w.org\/{rel}","templated":true}]}}