{"id":877,"date":"2015-03-16T20:10:28","date_gmt":"2015-03-16T19:10:28","guid":{"rendered":"http:\/\/blogg.improveme.se\/marieoddsson\/?p=877"},"modified":"2015-03-16T20:10:28","modified_gmt":"2015-03-16T19:10:28","slug":"annorlundag-dag-med-jabushe","status":"publish","type":"post","link":"https:\/\/blogg.improveme.se\/marieoddsson\/2015\/03\/16\/annorlundag-dag-med-jabushe\/","title":{"rendered":"Annorlundag dag med Jabushe"},"content":{"rendered":"<p>I dag har jag haft en annorlunda dag p\u00e5 jobbet. H\u00e4mtade f\u00f6rst en kollega p\u00e5 Bromma flygplats f\u00f6r att sedan h\u00e4mta n\u00e4sta p\u00e5 T-centralen. Sen bar det i v\u00e4g till S\u00f6dermalm till en studio d\u00e4r allt skulle ta sin b\u00f6rjan. Modellerna var p\u00e5 plats, s\u00e5 \u00e4ven makeup artisten, stylisten och ett superproffs p\u00e5 h\u00e5r. T\u00e4nk om man kunde f\u00e5 hj\u00e4lp med det varje morgon! \u00c4ven fotografen Patrik Andersson som hade kommit hela v\u00e4gen fr\u00e5n New York f\u00f6r detta tillf\u00e4lle fanns p\u00e5 plats. Sj\u00e4lvklart s\u00e5 \u00e4ven PR byr\u00e5n AWB som har lyckats med att f\u00e5 alla dessa personer till denna studio. Jag st\u00e4llde upp min hudscanningmaskin ifall att n\u00e5gon skulle bli sugen att titta lite n\u00e4rmare p\u00e5 sin hud. Sedan var det dags f\u00f6r utvalda personer som arbetar med sk\u00f6nhet och h\u00e4lsa att infinna sig. Buff\u00e9 fr\u00e5n Sally Voltaire &amp; Systrar hade dukats upp f\u00f6r att avnjutas med vin eller f\u00e4rskpressad gr\u00f6n juice. F\u00f6r mig blev det juice och vilken juice! Fantastiskt god!<\/p>\n<p><a href=\"http:\/\/blogg.improveme.se\/marieoddsson\/files\/2015\/03\/IMG_42831-e1426528987611.jpg\"><img loading=\"lazy\" decoding=\"async\" class=\"aligncenter size-large wp-image-874\" src=\"http:\/\/blogg.improveme.se\/marieoddsson\/files\/2015\/03\/IMG_42831-755x566.jpg\" alt=\"IMG_4283[1]\" width=\"755\" height=\"566\" \/><\/a><\/p>\n<p>Efter kaffe och en god &#8221;boll&#8221; av n\u00e5got slag fick alla g\u00e5 runt och ta del av fotograferingen. Att se dessa proffs &#8221;in action&#8221; var b\u00e5de sp\u00e4nnande och roligt.<\/p>\n<p><a href=\"http:\/\/blogg.improveme.se\/marieoddsson\/files\/2015\/03\/IMG_43051-e1426529391199.jpg\"><img loading=\"lazy\" decoding=\"async\" class=\"aligncenter size-large wp-image-876\" src=\"http:\/\/blogg.improveme.se\/marieoddsson\/files\/2015\/03\/IMG_43051-755x566.jpg\" alt=\"IMG_4305[1]\" width=\"755\" height=\"566\" \/><\/a><\/p>\n<p>Sj\u00e4lv scannade jag huden p\u00e5 flera av dem som var d\u00e4r f\u00f6r dagen och gav lite tips och r\u00e5d om huden. Det som nu h\u00e4nder med Jabushe \u00e4r mycket sp\u00e4nnande p\u00e5 alla s\u00e4tt och vis och resultatet f\u00e5r vi se i\u00a0 sensommar\/h\u00f6st.En\u00a0hudv\u00e5rdserie som \u00e4r aktiv och produceras i Sverige d\u00e4r det dessutom finns en forskningsstudie fr\u00e5n Karolinska Institutet i grunden \u00e4r faktiskt helt unikt.<\/p>\n<p>&nbsp;<\/p>\n<p>&nbsp;<\/p>\n","protected":false},"excerpt":{"rendered":"<p>I dag har jag haft en annorlunda dag p\u00e5 jobbet. H\u00e4mtade f\u00f6rst en kollega p\u00e5 Bromma flygplats f\u00f6r att sedan h\u00e4mta n\u00e4sta p\u00e5 T-centralen. Sen bar det i v\u00e4g till S\u00f6dermalm till en studio d\u00e4r allt skulle ta sin b\u00f6rjan. Modellerna var p\u00e5 plats, s\u00e5 \u00e4ven makeup artisten, stylisten och ett superproffs p\u00e5 h\u00e5r. T\u00e4nk &#8230; <a title=\"Annorlundag dag med Jabushe\" class=\"read-more\" href=\"https:\/\/blogg.improveme.se\/marieoddsson\/2015\/03\/16\/annorlundag-dag-med-jabushe\/\" aria-label=\"L\u00e4s mer om Annorlundag dag med Jabushe\">L\u00e4s mer<\/a><\/p>\n","protected":false},"author":9656,"featured_media":0,"comment_status":"open","ping_status":"open","sticky":false,"template":"","format":"standard","meta":{"footnotes":""},"categories":[1],"tags":[222,228,3,14,229,4,227],"class_list":["post-877","post","type-post","status-publish","format-standard","hentry","category-okategoriserad","tag-antiage","tag-awb","tag-halsa","tag-jabushe","tag-patrik-andersson","tag-skonhet","tag-systrana-voltaire"],"_links":{"self":[{"href":"https:\/\/blogg.improveme.se\/marieoddsson\/wp-json\/wp\/v2\/posts\/877","targetHints":{"allow":["GET"]}}],"collection":[{"href":"https:\/\/blogg.improveme.se\/marieoddsson\/wp-json\/wp\/v2\/posts"}],"about":[{"href":"https:\/\/blogg.improveme.se\/marieoddsson\/wp-json\/wp\/v2\/types\/post"}],"author":[{"embeddable":true,"href":"https:\/\/blogg.improveme.se\/marieoddsson\/wp-json\/wp\/v2\/users\/9656"}],"replies":[{"embeddable":true,"href":"https:\/\/blogg.improveme.se\/marieoddsson\/wp-json\/wp\/v2\/comments?post=877"}],"version-history":[{"count":0,"href":"https:\/\/blogg.improveme.se\/marieoddsson\/wp-json\/wp\/v2\/posts\/877\/revisions"}],"wp:attachment":[{"href":"https:\/\/blogg.improveme.se\/marieoddsson\/wp-json\/wp\/v2\/media?parent=877"}],"wp:term":[{"taxonomy":"category","embeddable":true,"href":"https:\/\/blogg.improveme.se\/marieoddsson\/wp-json\/wp\/v2\/categories?post=877"},{"taxonomy":"post_tag","embeddable":true,"href":"https:\/\/blogg.improveme.se\/marieoddsson\/wp-json\/wp\/v2\/tags?post=877"}],"curies":[{"name":"wp","href":"https:\/\/api.w.org\/{rel}","templated":true}]}}