{"id":896,"date":"2015-03-20T20:05:03","date_gmt":"2015-03-20T19:05:03","guid":{"rendered":"http:\/\/blogg.improveme.se\/marieoddsson\/?p=896"},"modified":"2015-03-20T20:05:03","modified_gmt":"2015-03-20T19:05:03","slug":"breakfast-club-med-tidningen-kosmetik","status":"publish","type":"post","link":"https:\/\/blogg.improveme.se\/marieoddsson\/2015\/03\/20\/breakfast-club-med-tidningen-kosmetik\/","title":{"rendered":"Breakfast Club med Tidningen Kosmetik"},"content":{"rendered":"<p>I dag har jag varit med p\u00e5 Kosmetik Breakfast Club, den f\u00f6rsta i ordningen. Det \u00e4r tidningen Kosmetik som har tagit initiativ till detta. Det \u00e4r \u201dsk\u00f6nhets och h\u00e4lso\u201d\u00a0 branschens beslutsfattare, ink\u00f6pare och personal som \u00e4r inbjudna. Temat f\u00f6r dagen \u00e4r f\u00f6rs\u00e4ljning.<\/p>\n<p><a href=\"http:\/\/blogg.improveme.se\/marieoddsson\/files\/2015\/03\/IMG_43351-e1426877817253.jpg\"><img loading=\"lazy\" decoding=\"async\" class=\"aligncenter size-large wp-image-898\" src=\"http:\/\/blogg.improveme.se\/marieoddsson\/files\/2015\/03\/IMG_43351-755x566.jpg\" alt=\"IMG_4335[1]\" width=\"755\" height=\"566\" \/><\/a><\/p>\n<p>Kosmetik \u00e4r sk\u00f6nhetsbranschens egen facktidning som bevakat branschen sen 1996. Kosmetik bevakar h\u00e4ndelser och nyheter i branschen s\u00e5v\u00e4l inom Sverige som internationellt med artiklar och reportage om allt fr\u00e5n trender och senaste forskningsr\u00f6nen till utbildning, f\u00f6rs\u00e4ljning, nya produkter, f\u00f6retag och butiker. Det \u00e4r f\u00f6r att \u00f6ka kunskapen och inspirera oss som arbetar p\u00e5 ett eller annat s\u00e4tt i branschen.<strong>\u00a0<\/strong><\/p>\n<p>Under seminariet bj\u00f6ds det ocks\u00e5 p\u00e5 en\u00a0trenddebatt d\u00e4r Pingis Hadenius,\u00a0var moderator. En stor expert panel diskuterade kring trender inom sk\u00f6nhet.\u00a0Branschens stora utmaningar men ocks\u00e5 m\u00f6jligheter?<\/p>\n<p>Dessutom blir det en intervju med Isabella L\u00f6wengrip. Hur utvecklar L\u00f6wengrip Care &amp; Color sina hudv\u00e5rds- och sk\u00f6nhetsprodukter med hj\u00e4lp av sociala medier? Isabella ber\u00e4ttade \u00e4ven om sin resa och v\u00e4rdet av transparens och relation i dagens mediav\u00e4rld.<\/p>\n<p><a href=\"http:\/\/blogg.improveme.se\/marieoddsson\/files\/2015\/03\/IMG_43481-e1426877977845.jpg\"><img loading=\"lazy\" decoding=\"async\" class=\"aligncenter size-large wp-image-900\" src=\"http:\/\/blogg.improveme.se\/marieoddsson\/files\/2015\/03\/IMG_43481-755x755.jpg\" alt=\"IMG_4348[1]\" width=\"755\" height=\"755\" \/><\/a><\/p>\n<p>I pauserna fick deltagarna ocks\u00e5 m\u00f6jlighet att bes\u00f6ka v\u00e5ra beauty bars d\u00e4r de kunde testa sp\u00e4nnande v\u00e5r- och sommarnyheter och sk\u00f6nhetsprodukter. Essie\u00a0var d\u00e4r\u00a0och gav en h\u00e4rlig v\u00e5rmanikyr, och av Shiseido fick vi h\u00e4mta makeupinspiration f\u00f6r v\u00e5ren, och hos mig\/Jabushe fick man en hudscanning f\u00f6r att se vilken \u00e5lder\u00a0huden har och slutligen LCC blowbar d\u00e4r man kunde f\u00e5 h\u00e5ret f\u00f6nat och stylat. Vi fick ocks\u00e5 f\u00e5 lyssna p\u00e5 Rickard Danielsson, vd Retail Academics och alla\u00a0 hemligheter bakom en stors\u00e4ljande butik. S\u00e5 nu \u00e4r jag full med ny kunskap och nya ansikten fr\u00e5n branschen.<\/p>\n<p>Trevlig helg!<\/p>\n<p>&nbsp;<\/p>\n<p>&nbsp;<\/p>\n<p><strong>\u00a0<\/strong><\/p>\n<p><strong>\u00a0<\/strong><\/p>\n<p>&nbsp;<\/p>\n<p>&nbsp;<\/p>\n<p>&nbsp;<\/p>\n<p>&nbsp;<\/p>\n<p>&nbsp;<\/p>\n<p>&nbsp;<\/p>\n<p>&nbsp;<\/p>\n","protected":false},"excerpt":{"rendered":"<p>I dag har jag varit med p\u00e5 Kosmetik Breakfast Club, den f\u00f6rsta i ordningen. Det \u00e4r tidningen Kosmetik som har tagit initiativ till detta. Det \u00e4r \u201dsk\u00f6nhets och h\u00e4lso\u201d\u00a0 branschens beslutsfattare, ink\u00f6pare och personal som \u00e4r inbjudna. Temat f\u00f6r dagen \u00e4r f\u00f6rs\u00e4ljning. Kosmetik \u00e4r sk\u00f6nhetsbranschens egen facktidning som bevakat branschen sen 1996. Kosmetik bevakar h\u00e4ndelser &#8230; <a title=\"Breakfast Club med Tidningen Kosmetik\" class=\"read-more\" href=\"https:\/\/blogg.improveme.se\/marieoddsson\/2015\/03\/20\/breakfast-club-med-tidningen-kosmetik\/\" aria-label=\"L\u00e4s mer om Breakfast Club med Tidningen Kosmetik\">L\u00e4s mer<\/a><\/p>\n","protected":false},"author":9656,"featured_media":0,"comment_status":"open","ping_status":"open","sticky":false,"template":"","format":"standard","meta":{"footnotes":""},"categories":[1],"tags":[85,3,479,232,231],"class_list":["post-896","post","type-post","status-publish","format-standard","hentry","category-okategoriserad","tag-frukost","tag-halsa","tag-hudvard","tag-isabella-lowengrip","tag-kosmetik"],"_links":{"self":[{"href":"https:\/\/blogg.improveme.se\/marieoddsson\/wp-json\/wp\/v2\/posts\/896","targetHints":{"allow":["GET"]}}],"collection":[{"href":"https:\/\/blogg.improveme.se\/marieoddsson\/wp-json\/wp\/v2\/posts"}],"about":[{"href":"https:\/\/blogg.improveme.se\/marieoddsson\/wp-json\/wp\/v2\/types\/post"}],"author":[{"embeddable":true,"href":"https:\/\/blogg.improveme.se\/marieoddsson\/wp-json\/wp\/v2\/users\/9656"}],"replies":[{"embeddable":true,"href":"https:\/\/blogg.improveme.se\/marieoddsson\/wp-json\/wp\/v2\/comments?post=896"}],"version-history":[{"count":0,"href":"https:\/\/blogg.improveme.se\/marieoddsson\/wp-json\/wp\/v2\/posts\/896\/revisions"}],"wp:attachment":[{"href":"https:\/\/blogg.improveme.se\/marieoddsson\/wp-json\/wp\/v2\/media?parent=896"}],"wp:term":[{"taxonomy":"category","embeddable":true,"href":"https:\/\/blogg.improveme.se\/marieoddsson\/wp-json\/wp\/v2\/categories?post=896"},{"taxonomy":"post_tag","embeddable":true,"href":"https:\/\/blogg.improveme.se\/marieoddsson\/wp-json\/wp\/v2\/tags?post=896"}],"curies":[{"name":"wp","href":"https:\/\/api.w.org\/{rel}","templated":true}]}}