{"id":910,"date":"2015-03-24T19:52:28","date_gmt":"2015-03-24T18:52:28","guid":{"rendered":"http:\/\/blogg.improveme.se\/marieoddsson\/?p=910"},"modified":"2015-03-24T19:52:28","modified_gmt":"2015-03-24T18:52:28","slug":"med-jobbet","status":"publish","type":"post","link":"https:\/\/blogg.improveme.se\/marieoddsson\/2015\/03\/24\/med-jobbet\/","title":{"rendered":"Med jobbet"},"content":{"rendered":"<p>I morse tog jag flyget till ett gr\u00e5tt Malm\u00f6 f\u00f6r att arbeta, somnade ganska omg\u00e5ende och sov gott hela resan igenom.<\/p>\n<p><a href=\"http:\/\/blogg.improveme.se\/marieoddsson\/files\/2015\/03\/IMG_43731-e1427222134604.jpg\"><img loading=\"lazy\" decoding=\"async\" class=\"aligncenter size-large wp-image-907\" src=\"http:\/\/blogg.improveme.se\/marieoddsson\/files\/2015\/03\/IMG_43731-755x566.jpg\" alt=\"IMG_4373[1]\" width=\"755\" height=\"566\" \/><\/a><\/p>\n<p>I dag m\u00f6tte Kalle och Fredrik upp, de har varit lika l\u00e4nge i h\u00e4lsobranschen som jag \u00e4r gammal (n\u00e4stan J). K\u00e4nner mig lyckligt lottad som f\u00e5r arbeta med s\u00e5 kunniga och kompetenta arbetskollegor. Vi var hos Life och ber\u00e4ttade om n\u00e5gra av v\u00e5ra produkter som finns i deras sortiment. Efter en god och trevlig lunch tog jag t\u00e5get till V\u00e4xj\u00f6. Letade upp mitt hotell, som l\u00e5g 100 meter fr\u00e5n stationen. Kastade in v\u00e4skan p\u00e5 rummet f\u00f6r att hitta ett matst\u00e4lle, f\u00f6r nu var jag hungrig igen. Beh\u00f6vde inte g\u00e5 s\u00e5 l\u00e5ng nu heller bara tv\u00e4rs \u00f6ver gatan d\u00e4r jag \u00e5t en mycket god Bento l\u00e5da.<\/p>\n<p><a href=\"http:\/\/blogg.improveme.se\/marieoddsson\/files\/2015\/03\/IMG_43811-e1427222063987.jpg\"><img loading=\"lazy\" decoding=\"async\" class=\"aligncenter size-large wp-image-906\" src=\"http:\/\/blogg.improveme.se\/marieoddsson\/files\/2015\/03\/IMG_43811-755x566.jpg\" alt=\"IMG_4381[1]\" width=\"755\" height=\"566\" \/><\/a><\/p>\n<p>Japans svar p\u00e5 en svensk matl\u00e5da, fast mycket kreativare. S\u00e5 nu \u00e4r jag definitivt m\u00e4tt och glad igen.\u00a0Det blir en tidig kv\u00e4ll f\u00f6r mig s\u00e5\u00a0 att jag \u00e4r\u00a0 pigg och glad i morgon, h\u00f6rs d\u00e5.<\/p>\n","protected":false},"excerpt":{"rendered":"<p>I morse tog jag flyget till ett gr\u00e5tt Malm\u00f6 f\u00f6r att arbeta, somnade ganska omg\u00e5ende och sov gott hela resan igenom. I dag m\u00f6tte Kalle och Fredrik upp, de har varit lika l\u00e4nge i h\u00e4lsobranschen som jag \u00e4r gammal (n\u00e4stan J). K\u00e4nner mig lyckligt lottad som f\u00e5r arbeta med s\u00e5 kunniga och kompetenta arbetskollegor. Vi &#8230; <a title=\"Med jobbet\" class=\"read-more\" href=\"https:\/\/blogg.improveme.se\/marieoddsson\/2015\/03\/24\/med-jobbet\/\" aria-label=\"L\u00e4s mer om Med jobbet\">L\u00e4s mer<\/a><\/p>\n","protected":false},"author":9656,"featured_media":0,"comment_status":"open","ping_status":"open","sticky":false,"template":"","format":"standard","meta":{"footnotes":""},"categories":[1],"tags":[235,3,236,221],"class_list":["post-910","post","type-post","status-publish","format-standard","hentry","category-okategoriserad","tag-arbete","tag-halsa","tag-kollegor","tag-life"],"_links":{"self":[{"href":"https:\/\/blogg.improveme.se\/marieoddsson\/wp-json\/wp\/v2\/posts\/910","targetHints":{"allow":["GET"]}}],"collection":[{"href":"https:\/\/blogg.improveme.se\/marieoddsson\/wp-json\/wp\/v2\/posts"}],"about":[{"href":"https:\/\/blogg.improveme.se\/marieoddsson\/wp-json\/wp\/v2\/types\/post"}],"author":[{"embeddable":true,"href":"https:\/\/blogg.improveme.se\/marieoddsson\/wp-json\/wp\/v2\/users\/9656"}],"replies":[{"embeddable":true,"href":"https:\/\/blogg.improveme.se\/marieoddsson\/wp-json\/wp\/v2\/comments?post=910"}],"version-history":[{"count":0,"href":"https:\/\/blogg.improveme.se\/marieoddsson\/wp-json\/wp\/v2\/posts\/910\/revisions"}],"wp:attachment":[{"href":"https:\/\/blogg.improveme.se\/marieoddsson\/wp-json\/wp\/v2\/media?parent=910"}],"wp:term":[{"taxonomy":"category","embeddable":true,"href":"https:\/\/blogg.improveme.se\/marieoddsson\/wp-json\/wp\/v2\/categories?post=910"},{"taxonomy":"post_tag","embeddable":true,"href":"https:\/\/blogg.improveme.se\/marieoddsson\/wp-json\/wp\/v2\/tags?post=910"}],"curies":[{"name":"wp","href":"https:\/\/api.w.org\/{rel}","templated":true}]}}