{"id":930,"date":"2015-03-30T13:42:42","date_gmt":"2015-03-30T11:42:42","guid":{"rendered":"http:\/\/blogg.improveme.se\/marieoddsson\/?p=930"},"modified":"2015-03-30T13:42:42","modified_gmt":"2015-03-30T11:42:42","slug":"c-vitamin-for-huden","status":"publish","type":"post","link":"https:\/\/blogg.improveme.se\/marieoddsson\/2015\/03\/30\/c-vitamin-for-huden\/","title":{"rendered":"C-vitamin f\u00f6r huden"},"content":{"rendered":"<p>C-vitamin \u00e4r en vattenl\u00f6slig naturligt f\u00f6rekommande antioxidant som \u00e4r en viktig best\u00e5ndsdel av huden. Den spelar en viktig roll f\u00f6r att f\u00f6rhindra att huden torkar ut, kollagensyntesen, rynkor och hudf\u00f6rnyelse. C- vitamin finns i alla hudens lager, speciellt i \u00f6verhuden. C-vitamin deltar bland annat vid bildandet av kollagen och \u201dbinder ihop\u201d kroppscellerna i bindv\u00e4ven. Det g\u00f6r huden mer fast och motst\u00e5ndskraftig. S\u00e5r l\u00e4ker fortare och den \u00e4r viktig f\u00f6r cellernas f\u00f6rsvar mot fria radikaler, med andra ord, en viktigt anti-oxidant. C-vitamin \u00e4r ocks\u00e5 bra f\u00f6r att stimulera kollagensyntesen i huden och st\u00e4rker d\u00e4rmed kollagenstrukturen i fram f\u00f6r allt l\u00e4derhuden.<\/p>\n<p><a href=\"http:\/\/blogg.improveme.se\/marieoddsson\/files\/2015\/03\/IMG_44521-e1427715345464.jpg\"><img loading=\"lazy\" decoding=\"async\" class=\"aligncenter size-full wp-image-929\" src=\"http:\/\/blogg.improveme.se\/marieoddsson\/files\/2015\/03\/IMG_44521-e1427715345464.jpg\" alt=\"IMG_4452[1]\" width=\"309\" height=\"550\" \/><\/a><\/p>\n<p><a href=\"http:\/\/www.medicanord.se\">Ester-C 1000mg <\/a>\u00e4r en supervitamin som genom sin kroppsf\u00e4rdiga sammans\u00e4ttning ger ett snabbt och l\u00e5ngvarigt upptag av denna hudnyttiga vitamin. Den \u00e4r dessutom syraneutral och d\u00e4rmed sn\u00e4ll mot k\u00e4nsliga magar. K\u00e4nner mig redan lite piggare av att bara skriva om C-vitamin.<\/p>\n","protected":false},"excerpt":{"rendered":"<p>C-vitamin \u00e4r en vattenl\u00f6slig naturligt f\u00f6rekommande antioxidant som \u00e4r en viktig best\u00e5ndsdel av huden. Den spelar en viktig roll f\u00f6r att f\u00f6rhindra att huden torkar ut, kollagensyntesen, rynkor och hudf\u00f6rnyelse. C- vitamin finns i alla hudens lager, speciellt i \u00f6verhuden. C-vitamin deltar bland annat vid bildandet av kollagen och \u201dbinder ihop\u201d kroppscellerna i bindv\u00e4ven. Det &#8230; <a title=\"C-vitamin f\u00f6r huden\" class=\"read-more\" href=\"https:\/\/blogg.improveme.se\/marieoddsson\/2015\/03\/30\/c-vitamin-for-huden\/\" aria-label=\"L\u00e4s mer om C-vitamin f\u00f6r huden\">L\u00e4s mer<\/a><\/p>\n","protected":false},"author":9656,"featured_media":0,"comment_status":"open","ping_status":"open","sticky":false,"template":"","format":"standard","meta":{"footnotes":""},"categories":[1],"tags":[243,3,479,11],"class_list":["post-930","post","type-post","status-publish","format-standard","hentry","category-okategoriserad","tag-ester-c","tag-halsa","tag-hudvard","tag-vitaminer"],"_links":{"self":[{"href":"https:\/\/blogg.improveme.se\/marieoddsson\/wp-json\/wp\/v2\/posts\/930","targetHints":{"allow":["GET"]}}],"collection":[{"href":"https:\/\/blogg.improveme.se\/marieoddsson\/wp-json\/wp\/v2\/posts"}],"about":[{"href":"https:\/\/blogg.improveme.se\/marieoddsson\/wp-json\/wp\/v2\/types\/post"}],"author":[{"embeddable":true,"href":"https:\/\/blogg.improveme.se\/marieoddsson\/wp-json\/wp\/v2\/users\/9656"}],"replies":[{"embeddable":true,"href":"https:\/\/blogg.improveme.se\/marieoddsson\/wp-json\/wp\/v2\/comments?post=930"}],"version-history":[{"count":0,"href":"https:\/\/blogg.improveme.se\/marieoddsson\/wp-json\/wp\/v2\/posts\/930\/revisions"}],"wp:attachment":[{"href":"https:\/\/blogg.improveme.se\/marieoddsson\/wp-json\/wp\/v2\/media?parent=930"}],"wp:term":[{"taxonomy":"category","embeddable":true,"href":"https:\/\/blogg.improveme.se\/marieoddsson\/wp-json\/wp\/v2\/categories?post=930"},{"taxonomy":"post_tag","embeddable":true,"href":"https:\/\/blogg.improveme.se\/marieoddsson\/wp-json\/wp\/v2\/tags?post=930"}],"curies":[{"name":"wp","href":"https:\/\/api.w.org\/{rel}","templated":true}]}}