{"id":934,"date":"2015-03-31T09:36:51","date_gmt":"2015-03-31T07:36:51","guid":{"rendered":"http:\/\/blogg.improveme.se\/marieoddsson\/?p=934"},"modified":"2015-03-31T09:36:51","modified_gmt":"2015-03-31T07:36:51","slug":"ogonbryn-i-fokus","status":"publish","type":"post","link":"https:\/\/blogg.improveme.se\/marieoddsson\/2015\/03\/31\/ogonbryn-i-fokus\/","title":{"rendered":"\u00d6gonbryn i fokus"},"content":{"rendered":"<p>Bryn \u00e4r i fokus och det med stort F. Det lyfter, accentuerar och framh\u00e4ver dina \u00f6gon men \u00e4ven ditt ansikte. Tyv\u00e4rr s\u00e5 har m\u00e5nga av oss plockat s\u00f6nder v\u00e5ra bryn, b\u00e5de p\u00e5 l\u00e4ngden men \u00e4ven p\u00e5 h\u00f6jden (t\u00e4nker p\u00e5 tjockleken).<\/p>\n<p><a href=\"http:\/\/blogg.improveme.se\/marieoddsson\/files\/2015\/03\/IMG_44551-e1427787098271.jpg\"><img loading=\"lazy\" decoding=\"async\" class=\"aligncenter wp-image-932 size-full\" src=\"http:\/\/blogg.improveme.se\/marieoddsson\/files\/2015\/03\/IMG_44551-e1427787098271.jpg\" alt=\"IMG_4455[1]\" width=\"550\" height=\"550\" srcset=\"https:\/\/blogg.improveme.se\/marieoddsson\/files\/2015\/03\/IMG_44551-e1427787098271.jpg 550w, https:\/\/blogg.improveme.se\/marieoddsson\/files\/2015\/03\/IMG_44551-e1427787098271-150x150.jpg 150w, https:\/\/blogg.improveme.se\/marieoddsson\/files\/2015\/03\/IMG_44551-e1427787098271-300x300.jpg 300w\" sizes=\"auto, (max-width: 550px) 100vw, 550px\" \/><\/a><\/p>\n<p>Hur vi v\u00e4ljer att ta bort h\u00e5rstr\u00e5na \u00e4r individuellt, men \u00e4ven h\u00e4r \u00e4r klart l\u00e4ttast att ta professionell hj\u00e4lp. I dag s\u00e5 \u00e4r lite vildvuxna, grova i viss m\u00e5n helt oplockade bryn avundsv\u00e4rt igen. Ett tag blekte vi till och med v\u00e5ra bryn, men det tyckte jag s\u00e5g lite naket ut. Sen finns det m\u00e5nga av oss som har lite f\u00e4rg av naturen och vill bevara det ocks\u00e5.<\/p>\n<p><a href=\"http:\/\/blogg.improveme.se\/marieoddsson\/files\/2015\/03\/IMG_44561-e1427786970686.jpg\"><img loading=\"lazy\" decoding=\"async\" class=\"aligncenter size-large wp-image-933\" src=\"http:\/\/blogg.improveme.se\/marieoddsson\/files\/2015\/03\/IMG_44561-755x755.jpg\" alt=\"IMG_4456[1]\" width=\"755\" height=\"755\" \/><\/a><\/p>\n<p>Som sagt allt g\u00e5r i cykler, som tur \u00e4r smaken \u00e4r som baken, delad. I dag finns en uppsj\u00f6 av produkter just bara f\u00f6r dina bryn och vi har nog aldrig spenderat s\u00e5 mycket tid och pengar just p\u00e5 v\u00e5ra bryn. N\u00e5gra enkla knep f\u00f6r att f\u00e5 till dina bryn \u00e4r<\/p>\n<ol>\n<li>En bra pincett, rak eller snedst\u00e4lld \u00e4r en smaksak, plocka ett h\u00e5rstr\u00e5 i taget. Plocka hellre f\u00f6r lite en f\u00f6r mycket. det \u00e4r v\u00e4rt att investera i en bra pincett.<\/li>\n<li>Undvik att plocka brynen s\u00e5 att de f\u00e5r en rund form, du ser bara f\u00f6rv\u00e5nad ut. Spar inte f\u00f6r mycket p\u00e5 brynets yttre kant vilket drar ned ditt utseende.<\/li>\n<li>En sax f\u00f6r att klippa ner f\u00f6r l\u00e5nga h\u00e5rstr\u00e5n, klipp snett ned\u00e5t f\u00f6r att inte brynet ska se avhugget ut. F\u00f6r l\u00e5nga\/b\u00f6jda h\u00e5rstr\u00e5n kan l\u00e4tt se ov\u00e5rdat ut.<\/li>\n<li>En brynskugga att fylla i om du har lite glesare mellan h\u00e5rstr\u00e5na eller vill f\u00e5 mer synliga bryn \u00e4r att rekommendera.<\/li>\n<li>Sist men inte minst en typ av mascara f\u00f6r brynen, finns med f\u00e4rg eller transparent, f\u00f6r att h\u00e5lla brynen p\u00e5 plats.<\/li>\n<\/ol>\n<p>Om du \u00e4r lite os\u00e4ker p\u00e5 vad och hur du ska g\u00f6ra med dina bryn ta hellre professionell hj\u00e4lp och fr\u00e5ga om r\u00e5d, det tar trots allt x-antal veckor f\u00f6r ett brynstr\u00e5 att v\u00e4xa fram igen.<\/p>\n","protected":false},"excerpt":{"rendered":"<p>Bryn \u00e4r i fokus och det med stort F. Det lyfter, accentuerar och framh\u00e4ver dina \u00f6gon men \u00e4ven ditt ansikte. Tyv\u00e4rr s\u00e5 har m\u00e5nga av oss plockat s\u00f6nder v\u00e5ra bryn, b\u00e5de p\u00e5 l\u00e4ngden men \u00e4ven p\u00e5 h\u00f6jden (t\u00e4nker p\u00e5 tjockleken). Hur vi v\u00e4ljer att ta bort h\u00e5rstr\u00e5na \u00e4r individuellt, men \u00e4ven h\u00e4r \u00e4r klart l\u00e4ttast &#8230; <a title=\"\u00d6gonbryn i fokus\" class=\"read-more\" href=\"https:\/\/blogg.improveme.se\/marieoddsson\/2015\/03\/31\/ogonbryn-i-fokus\/\" aria-label=\"L\u00e4s mer om \u00d6gonbryn i fokus\">L\u00e4s mer<\/a><\/p>\n","protected":false},"author":9656,"featured_media":0,"comment_status":"open","ping_status":"open","sticky":false,"template":"","format":"standard","meta":{"footnotes":""},"categories":[1],"tags":[3,479,76],"class_list":["post-934","post","type-post","status-publish","format-standard","hentry","category-okategoriserad","tag-halsa","tag-hudvard","tag-ogonbryn"],"_links":{"self":[{"href":"https:\/\/blogg.improveme.se\/marieoddsson\/wp-json\/wp\/v2\/posts\/934","targetHints":{"allow":["GET"]}}],"collection":[{"href":"https:\/\/blogg.improveme.se\/marieoddsson\/wp-json\/wp\/v2\/posts"}],"about":[{"href":"https:\/\/blogg.improveme.se\/marieoddsson\/wp-json\/wp\/v2\/types\/post"}],"author":[{"embeddable":true,"href":"https:\/\/blogg.improveme.se\/marieoddsson\/wp-json\/wp\/v2\/users\/9656"}],"replies":[{"embeddable":true,"href":"https:\/\/blogg.improveme.se\/marieoddsson\/wp-json\/wp\/v2\/comments?post=934"}],"version-history":[{"count":0,"href":"https:\/\/blogg.improveme.se\/marieoddsson\/wp-json\/wp\/v2\/posts\/934\/revisions"}],"wp:attachment":[{"href":"https:\/\/blogg.improveme.se\/marieoddsson\/wp-json\/wp\/v2\/media?parent=934"}],"wp:term":[{"taxonomy":"category","embeddable":true,"href":"https:\/\/blogg.improveme.se\/marieoddsson\/wp-json\/wp\/v2\/categories?post=934"},{"taxonomy":"post_tag","embeddable":true,"href":"https:\/\/blogg.improveme.se\/marieoddsson\/wp-json\/wp\/v2\/tags?post=934"}],"curies":[{"name":"wp","href":"https:\/\/api.w.org\/{rel}","templated":true}]}}