{"id":961,"date":"2015-04-10T11:43:01","date_gmt":"2015-04-10T09:43:01","guid":{"rendered":"http:\/\/blogg.improveme.se\/marieoddsson\/?p=961"},"modified":"2015-04-10T11:43:01","modified_gmt":"2015-04-10T09:43:01","slug":"min-frisor","status":"publish","type":"post","link":"https:\/\/blogg.improveme.se\/marieoddsson\/2015\/04\/10\/min-frisor\/","title":{"rendered":"Min fris\u00f6r"},"content":{"rendered":"<p>Alltid lika sk\u00f6nt att g\u00e5 till frissan. Speciellt n\u00e4r de tv\u00e4ttar h\u00e5ret och g\u00f6r lite skalpmassage samtidigt, to die for! Att f\u00e5 klippa bort lite gamla toppar s\u00e5 att h\u00e5ret f\u00e5r sig ett litet lyft igen k\u00e4nns fr\u00e4sch och sk\u00f6nt.<\/p>\n<p><a href=\"http:\/\/blogg.improveme.se\/marieoddsson\/files\/2015\/04\/IMG_44951-e1428658620140.jpg\"><img loading=\"lazy\" decoding=\"async\" class=\"aligncenter wp-image-959 size-full\" src=\"http:\/\/blogg.improveme.se\/marieoddsson\/files\/2015\/04\/IMG_44951-e1428658620140.jpg\" alt=\"IMG_4495[1]\" width=\"733\" height=\"550\" srcset=\"https:\/\/blogg.improveme.se\/marieoddsson\/files\/2015\/04\/IMG_44951-e1428658620140.jpg 733w, https:\/\/blogg.improveme.se\/marieoddsson\/files\/2015\/04\/IMG_44951-e1428658620140-300x225.jpg 300w\" sizes=\"auto, (max-width: 733px) 100vw, 733px\" \/><\/a><\/p>\n<p>Jag \u00e4r nog s\u00e4mst p\u00e5 att fixa med mitt h\u00e5r rent generellt. Jag anv\u00e4nder aldrig stylingprodukter eller n\u00e5gon form av lockt\u00e5ng, platt\u00e5ng, volymt\u00e5ng eller ens en f\u00f6n. Min frissa Katharina sen ett \u00e5r tillbaka blev helt f\u00f6rskr\u00e4ckt n\u00e4r hon fr\u00e5gade mig hur jag f\u00f6nar mitt h\u00e5r, med eller utan borste? Jag varken f\u00f6nar eller borstar mitt h\u00e5r. Vanligast \u00e4r att jag tv\u00e4ttar h\u00e5ret p\u00e5 kv\u00e4llen d\u00e5 jag inte hinner p\u00e5 morgonen. Oftast g\u00e5r jag runt med en turban p\u00e5 huvudet s\u00e5 att det mesta av vattnet sugs upp i handuken. N\u00e4r det \u00e4r s\u00e4ngdags s\u00e5 tar jag av mig turbanen och hoppas i s\u00e4ng med fuktigt h\u00e5r. N\u00e4stan alltid ser mitt h\u00e5r lika dant ut, det vill s\u00e4ga ingen skillnad alls. Ibland f\u00e5r man sig en \u00f6verraskning d\u00e5 jag antagligen legat p\u00e5 n\u00e5got konstigt s\u00e4tt och h\u00e5ret st\u00e5r i n\u00e5gra olika riktningar, speciellt d\u00e5 luggen.<\/p>\n<p>Jag har haft h\u00e5rfrissor som sl\u00e4ng borsten i golvet d\u00e5 de tycker att mitt h\u00e5r \u00e4r otacksamt att jobba med. \u00c4ven fr\u00e5gan \u2013 stryker du ditt h\u00e5r? (innan platt\u00e5ngens tid) har varit p\u00e5 tapeten, d\u00e5 jag har ganska rakt h\u00e5r. Inser hur lite jag kan om den h\u00e4r marknaden rent generellt. Funderar nu p\u00e5 att investera i en h\u00e5rborste som en arbetskollega tipsade mig om. Tangle Teezer reder ut tovigt h\u00e5r snabbt och sm\u00e4rtfritt, skall vara en innovation. M\u00e5ste vara perfekt om man har sm\u00e5 barn. Min anledning \u00e4r att den \u00e4r ganska s\u00f6t och att den finns i flera olika f\u00e4rger. Att jag beh\u00f6ver \u201dreda ut\u201d mitt h\u00e5r har aldrig existerat. Katharina \u00e4r i alla fall proffs p\u00e5 h\u00e5r, och p\u00e5 den h\u00e4r korta tiden s\u00e5 tycker jag att hon har gjort n\u00e4stan underverk med mitt h\u00e5r, ser fram emot n\u00e4sta g\u00e5ng d\u00e5 vi ska g\u00f6ra lite slingor eller f\u00e4rg eller kanske b\u00e5de och, vi f\u00e5r vad Katharina k\u00e4nner f\u00f6r. Jag \u00e4r s\u00e5 tacksam att hon tar v\u00e4l hand om mitt h\u00e5r.<\/p>\n<p>Ut och njut av det vackra v\u00e5rdv\u00e4dret och ha en trevlig helg!<\/p>\n","protected":false},"excerpt":{"rendered":"<p>Alltid lika sk\u00f6nt att g\u00e5 till frissan. Speciellt n\u00e4r de tv\u00e4ttar h\u00e5ret och g\u00f6r lite skalpmassage samtidigt, to die for! Att f\u00e5 klippa bort lite gamla toppar s\u00e5 att h\u00e5ret f\u00e5r sig ett litet lyft igen k\u00e4nns fr\u00e4sch och sk\u00f6nt. Jag \u00e4r nog s\u00e4mst p\u00e5 att fixa med mitt h\u00e5r rent generellt. Jag anv\u00e4nder aldrig &#8230; <a title=\"Min fris\u00f6r\" class=\"read-more\" href=\"https:\/\/blogg.improveme.se\/marieoddsson\/2015\/04\/10\/min-frisor\/\" aria-label=\"L\u00e4s mer om Min fris\u00f6r\">L\u00e4s mer<\/a><\/p>\n","protected":false},"author":9656,"featured_media":0,"comment_status":"open","ping_status":"open","sticky":false,"template":"","format":"standard","meta":{"footnotes":""},"categories":[1],"tags":[250,3,142],"class_list":["post-961","post","type-post","status-publish","format-standard","hentry","category-okategoriserad","tag-frisoren","tag-halsa","tag-har"],"_links":{"self":[{"href":"https:\/\/blogg.improveme.se\/marieoddsson\/wp-json\/wp\/v2\/posts\/961","targetHints":{"allow":["GET"]}}],"collection":[{"href":"https:\/\/blogg.improveme.se\/marieoddsson\/wp-json\/wp\/v2\/posts"}],"about":[{"href":"https:\/\/blogg.improveme.se\/marieoddsson\/wp-json\/wp\/v2\/types\/post"}],"author":[{"embeddable":true,"href":"https:\/\/blogg.improveme.se\/marieoddsson\/wp-json\/wp\/v2\/users\/9656"}],"replies":[{"embeddable":true,"href":"https:\/\/blogg.improveme.se\/marieoddsson\/wp-json\/wp\/v2\/comments?post=961"}],"version-history":[{"count":0,"href":"https:\/\/blogg.improveme.se\/marieoddsson\/wp-json\/wp\/v2\/posts\/961\/revisions"}],"wp:attachment":[{"href":"https:\/\/blogg.improveme.se\/marieoddsson\/wp-json\/wp\/v2\/media?parent=961"}],"wp:term":[{"taxonomy":"category","embeddable":true,"href":"https:\/\/blogg.improveme.se\/marieoddsson\/wp-json\/wp\/v2\/categories?post=961"},{"taxonomy":"post_tag","embeddable":true,"href":"https:\/\/blogg.improveme.se\/marieoddsson\/wp-json\/wp\/v2\/tags?post=961"}],"curies":[{"name":"wp","href":"https:\/\/api.w.org\/{rel}","templated":true}]}}