{"id":981,"date":"2015-04-20T17:09:25","date_gmt":"2015-04-20T15:09:25","guid":{"rendered":"http:\/\/blogg.improveme.se\/marieoddsson\/?p=981"},"modified":"2015-04-20T17:09:25","modified_gmt":"2015-04-20T15:09:25","slug":"nu-kommer-varmen","status":"publish","type":"post","link":"https:\/\/blogg.improveme.se\/marieoddsson\/2015\/04\/20\/nu-kommer-varmen\/","title":{"rendered":"Nu kommer v\u00e4rmen"},"content":{"rendered":"<p>Jag blir s\u00e5 glad n\u00e4r v\u00e4rmen kommer, bara den h\u00e4r ljumna vinden g\u00f6r en lycklig. Det blir s\u00e5 mycket l\u00e4ttare n\u00e4r det inte \u00e4r kallt, bl\u00e5sigt och regnigt. Men nu n\u00e4r solen kommer och hela naturen bara spritter av energi s\u00e5 f\u00e5r man passa sig, f\u00f6r solen \u00e4r varm. Samtidit s\u00e5 beh\u00f6ver vi solen p\u00e5 m\u00e5nga olika s\u00e4tt.<\/p>\n<p><a href=\"http:\/\/blogg.improveme.se\/marieoddsson\/files\/2015\/04\/IMG_46411-e1429542138349.jpg\"><img loading=\"lazy\" decoding=\"async\" class=\"aligncenter wp-image-979\" src=\"http:\/\/blogg.improveme.se\/marieoddsson\/files\/2015\/04\/IMG_46411-755x566.jpg\" alt=\"\" width=\"755\" height=\"566\" \/><\/a><\/p>\n<p>&nbsp;<\/p>\n<p>D-vitamin \u00e4r en viktig vitamin som bidrar till att v\u00e5rt immunsystem fungerar normalt och\u00a0f\u00f6r att bibeh\u00e5lla normal benstomme. D-vitamin bildas i huden n\u00e4r solen lyser p\u00e5\u00a0oss och det g\u00f6r den inte\u00a0\u00e5ret runt i det h\u00e4r landet. I v\u00e5r kost finns det f\u00f6rh\u00e5llandevis lite av denna vitamin. D-vitamin \u00e4r unik\u00a0bland vitaminder\u00a0och som p\u00e5verkar effekten av hundratals gener i de flesta av kroppens celler. S\u00e5 teoretiskt s\u00e4tt kan\u00a0brist p\u00e5 denna vitamin ge vilka sjukdomar som helst.\u00a0Som tur \u00e4r s\u00e5 finns den att k\u00f6pa till bra pris.<\/p>\n<p><a href=\"http:\/\/blogg.improveme.se\/marieoddsson\/files\/2015\/04\/IMG_46451-e1429540925973.jpg\"><img loading=\"lazy\" decoding=\"async\" class=\"aligncenter size-large wp-image-980\" src=\"http:\/\/blogg.improveme.se\/marieoddsson\/files\/2015\/04\/IMG_46451-755x566.jpg\" alt=\"IMG_4645[1]\" width=\"755\" height=\"566\" \/><\/a><\/p>\n<p>S\u00e5 en kapsel om dagen f\u00f6r att h\u00e5lla sig borta fr\u00e5n bland annat v\u00e4rk, depression och bensk\u00f6rhet \u00e4r det v\u00e4rt. H\u00f6rs i morgon.<\/p>\n","protected":false},"excerpt":{"rendered":"<p>Jag blir s\u00e5 glad n\u00e4r v\u00e4rmen kommer, bara den h\u00e4r ljumna vinden g\u00f6r en lycklig. Det blir s\u00e5 mycket l\u00e4ttare n\u00e4r det inte \u00e4r kallt, bl\u00e5sigt och regnigt. Men nu n\u00e4r solen kommer och hela naturen bara spritter av energi s\u00e5 f\u00e5r man passa sig, f\u00f6r solen \u00e4r varm. Samtidit s\u00e5 beh\u00f6ver vi solen p\u00e5 &#8230; <a title=\"Nu kommer v\u00e4rmen\" class=\"read-more\" href=\"https:\/\/blogg.improveme.se\/marieoddsson\/2015\/04\/20\/nu-kommer-varmen\/\" aria-label=\"L\u00e4s mer om Nu kommer v\u00e4rmen\">L\u00e4s mer<\/a><\/p>\n","protected":false},"author":9656,"featured_media":0,"comment_status":"open","ping_status":"open","sticky":false,"template":"","format":"standard","meta":{"footnotes":""},"categories":[1],"tags":[252,3],"class_list":["post-981","post","type-post","status-publish","format-standard","hentry","category-okategoriserad","tag-d-vitamin","tag-halsa"],"_links":{"self":[{"href":"https:\/\/blogg.improveme.se\/marieoddsson\/wp-json\/wp\/v2\/posts\/981","targetHints":{"allow":["GET"]}}],"collection":[{"href":"https:\/\/blogg.improveme.se\/marieoddsson\/wp-json\/wp\/v2\/posts"}],"about":[{"href":"https:\/\/blogg.improveme.se\/marieoddsson\/wp-json\/wp\/v2\/types\/post"}],"author":[{"embeddable":true,"href":"https:\/\/blogg.improveme.se\/marieoddsson\/wp-json\/wp\/v2\/users\/9656"}],"replies":[{"embeddable":true,"href":"https:\/\/blogg.improveme.se\/marieoddsson\/wp-json\/wp\/v2\/comments?post=981"}],"version-history":[{"count":0,"href":"https:\/\/blogg.improveme.se\/marieoddsson\/wp-json\/wp\/v2\/posts\/981\/revisions"}],"wp:attachment":[{"href":"https:\/\/blogg.improveme.se\/marieoddsson\/wp-json\/wp\/v2\/media?parent=981"}],"wp:term":[{"taxonomy":"category","embeddable":true,"href":"https:\/\/blogg.improveme.se\/marieoddsson\/wp-json\/wp\/v2\/categories?post=981"},{"taxonomy":"post_tag","embeddable":true,"href":"https:\/\/blogg.improveme.se\/marieoddsson\/wp-json\/wp\/v2\/tags?post=981"}],"curies":[{"name":"wp","href":"https:\/\/api.w.org\/{rel}","templated":true}]}}