{"id":24,"date":"2011-10-26T16:41:00","date_gmt":"2011-10-26T15:41:00","guid":{"rendered":"http:\/\/blogg.improveme.se\/missworldsweden\/2011\/10\/26\/nar-drom-blir-verklighet\/"},"modified":"2011-10-26T16:41:00","modified_gmt":"2011-10-26T15:41:00","slug":"nar-drom-blir-verklighet","status":"publish","type":"post","link":"https:\/\/blogg.improveme.se\/missworldsweden\/2011\/10\/26\/nar-drom-blir-verklighet\/","title":{"rendered":"N\u00e4r dr\u00f6m blir verklighet"},"content":{"rendered":"\n<p>Hur ska m\u00f6jlighen kunna ber\u00e4tta hur lycklig jag \u00e4r. Jag<br \/>lever mig egen dr\u00f6m just nu.<\/p>\n<p>Jag \u00e4r tillsammans med fantastiska m\u00e4nniskor fr\u00e5n hela v\u00e4lden<br \/>och vi f\u00e5r uppleva saker tillsammans. Vi t\u00e4vlar mot varandrar ja, men det finns<br \/>en god st\u00e4mning h\u00e4r och Miss World personalen g\u00f6r allt f\u00f6r att vi ska trivas.<br \/>Idag har vi varit kulturella och l\u00e4ngre fram v\u00e4ntar saker som jag d\u00f6r efter att<br \/>f\u00e5 ber\u00e4tta, men ni f\u00e5r v\u00e4nta lite till.<\/p>\n<p>I kv\u00e4ll ska jag f\u00e5 ordning p\u00e5 mina saker igen f\u00f6r s\u00e5 g\u00e5r<br \/>resan vidare tillbaka till England.<\/p>\n<p><a href='http:\/\/s.improveme.se\/data\/filearchive\/259386.0x0.jpg' target='_BLANK'><img src='http:\/\/s.improveme.se\/data\/filearchive\/259386.510x0.jpg' border='0'><\/a><\/p>\n","protected":false},"excerpt":{"rendered":"<p>Hur ska m\u00f6jlighen kunna ber\u00e4tta hur lycklig jag \u00e4r. Jaglever mig egen dr\u00f6m just nu. Jag \u00e4r tillsammans med fantastiska m\u00e4nniskor fr\u00e5n hela v\u00e4ldenoch vi f\u00e5r uppleva saker tillsammans. Vi t\u00e4vlar mot varandrar ja, men det finnsen god st\u00e4mning h\u00e4r och Miss World personalen g\u00f6r allt f\u00f6r att vi ska trivas.Idag har vi varit kulturella &#8230; <a title=\"N\u00e4r dr\u00f6m blir verklighet\" class=\"read-more\" href=\"https:\/\/blogg.improveme.se\/missworldsweden\/2011\/10\/26\/nar-drom-blir-verklighet\/\" aria-label=\"L\u00e4s mer om N\u00e4r dr\u00f6m blir verklighet\">L\u00e4s mer<\/a><\/p>\n","protected":false},"author":720,"featured_media":0,"comment_status":"open","ping_status":"open","sticky":false,"template":"","format":"standard","meta":{"footnotes":""},"categories":[1],"tags":[],"class_list":["post-24","post","type-post","status-publish","format-standard","hentry","category-okategoriserad"],"_links":{"self":[{"href":"https:\/\/blogg.improveme.se\/missworldsweden\/wp-json\/wp\/v2\/posts\/24","targetHints":{"allow":["GET"]}}],"collection":[{"href":"https:\/\/blogg.improveme.se\/missworldsweden\/wp-json\/wp\/v2\/posts"}],"about":[{"href":"https:\/\/blogg.improveme.se\/missworldsweden\/wp-json\/wp\/v2\/types\/post"}],"author":[{"embeddable":true,"href":"https:\/\/blogg.improveme.se\/missworldsweden\/wp-json\/wp\/v2\/users\/720"}],"replies":[{"embeddable":true,"href":"https:\/\/blogg.improveme.se\/missworldsweden\/wp-json\/wp\/v2\/comments?post=24"}],"version-history":[{"count":0,"href":"https:\/\/blogg.improveme.se\/missworldsweden\/wp-json\/wp\/v2\/posts\/24\/revisions"}],"wp:attachment":[{"href":"https:\/\/blogg.improveme.se\/missworldsweden\/wp-json\/wp\/v2\/media?parent=24"}],"wp:term":[{"taxonomy":"category","embeddable":true,"href":"https:\/\/blogg.improveme.se\/missworldsweden\/wp-json\/wp\/v2\/categories?post=24"},{"taxonomy":"post_tag","embeddable":true,"href":"https:\/\/blogg.improveme.se\/missworldsweden\/wp-json\/wp\/v2\/tags?post=24"}],"curies":[{"name":"wp","href":"https:\/\/api.w.org\/{rel}","templated":true}]}}