{"id":71,"date":"2011-10-03T15:20:00","date_gmt":"2011-10-03T14:20:00","guid":{"rendered":"http:\/\/blogg.improveme.se\/missworldsweden\/2011\/10\/03\/vart-jag-mig-i-varlden-vander-sa\/"},"modified":"2011-10-03T15:20:00","modified_gmt":"2011-10-03T14:20:00","slug":"vart-jag-mig-i-varlden-vander-sa","status":"publish","type":"post","link":"https:\/\/blogg.improveme.se\/missworldsweden\/2011\/10\/03\/vart-jag-mig-i-varlden-vander-sa\/","title":{"rendered":"Vart jag mig i v\u00e4rlden v\u00e4nder s\u00e5.."},"content":{"rendered":"<p>Hejsanhej alla! Ig&aring;r vart jag skitsur f&ouml;r att jag inte hittar en kl&auml;nning som jag t&auml;ntke ha p&aring; JuicePlus conventet i helgen s&aring; har k&ouml;pt en ny fr&aring;n nelly.se men den var s&aring; fin den jag har och ny \ud83d\ude41 hoppas jag hittar den. I morse fick mig n&auml;stan en totaaal skrattchock n&auml;r jag kollade inboxen. Haha skrattar n&auml;stan fortfarande efter denna f&ouml;rmiddag. Idag fick jag en f&ouml;rfr&aring;gan om att&nbsp;vara med i en Musikvideo fr&aring;n en artist som b&ouml;rjar bli ganska en &#8221;Hit&#8221; i Danmark. Det &auml;r ju inget sk&auml;mt att skratta &aring;t men det &auml;r s&aring; mycket nytt nu och b&ouml;rjar dra ihop sig och att f&aring; vara med i en MUSIKVIDEO fick mig&nbsp;till en chock att skratta.<\/p>\n<p>&nbsp;<\/p>\n<p>Lyssnar just nu p&aring; Bj&ouml;rnstammen och k&auml;nner mig som texten beskriver hah, grym l&aring;t faktiskt men t&auml;nk om den kunde g&ouml;ras om till riktig House l&aring;t \ud83d\ude09 Nu ska jag snart iv&auml;g till TK och tr&auml;na samt fotograferas till tidningen SportsGuiden.<\/p>\n<p>&nbsp;<\/p>\n<p><a href=\"http:\/\/s.improveme.se\/data\/filearchive\/252908.0x0.jpg\" target=\"_BLANK\"><img decoding=\"async\" src=\"http:\/\/s.improveme.se\/data\/filearchive\/252908.510x0.jpg\" border=\"0\" alt=\"\" \/><\/a>&nbsp;<\/p>\n<p style=\"text-align: center;\"><span style=\"color: #3366ff; font-size: 24px; text-decoration: underline;\"><strong>N<\/strong><\/span><\/p>\n","protected":false},"excerpt":{"rendered":"<p>Hejsanhej alla! Ig&aring;r vart jag skitsur f&ouml;r att jag inte hittar en kl&auml;nning som jag t&auml;ntke ha p&aring; JuicePlus conventet i helgen s&aring; har k&ouml;pt en ny fr&aring;n nelly.se men den var s&aring; fin den jag har och ny \ud83d\ude41 hoppas jag hittar den. I morse fick mig n&auml;stan en totaaal skrattchock n&auml;r jag kollade &#8230; <a title=\"Vart jag mig i v\u00e4rlden v\u00e4nder s\u00e5..\" class=\"read-more\" href=\"https:\/\/blogg.improveme.se\/missworldsweden\/2011\/10\/03\/vart-jag-mig-i-varlden-vander-sa\/\" aria-label=\"L\u00e4s mer om Vart jag mig i v\u00e4rlden v\u00e4nder s\u00e5..\">L\u00e4s mer<\/a><\/p>\n","protected":false},"author":720,"featured_media":0,"comment_status":"open","ping_status":"open","sticky":false,"template":"","format":"standard","meta":{"footnotes":""},"categories":[1],"tags":[],"class_list":["post-71","post","type-post","status-publish","format-standard","hentry","category-okategoriserad"],"_links":{"self":[{"href":"https:\/\/blogg.improveme.se\/missworldsweden\/wp-json\/wp\/v2\/posts\/71","targetHints":{"allow":["GET"]}}],"collection":[{"href":"https:\/\/blogg.improveme.se\/missworldsweden\/wp-json\/wp\/v2\/posts"}],"about":[{"href":"https:\/\/blogg.improveme.se\/missworldsweden\/wp-json\/wp\/v2\/types\/post"}],"author":[{"embeddable":true,"href":"https:\/\/blogg.improveme.se\/missworldsweden\/wp-json\/wp\/v2\/users\/720"}],"replies":[{"embeddable":true,"href":"https:\/\/blogg.improveme.se\/missworldsweden\/wp-json\/wp\/v2\/comments?post=71"}],"version-history":[{"count":0,"href":"https:\/\/blogg.improveme.se\/missworldsweden\/wp-json\/wp\/v2\/posts\/71\/revisions"}],"wp:attachment":[{"href":"https:\/\/blogg.improveme.se\/missworldsweden\/wp-json\/wp\/v2\/media?parent=71"}],"wp:term":[{"taxonomy":"category","embeddable":true,"href":"https:\/\/blogg.improveme.se\/missworldsweden\/wp-json\/wp\/v2\/categories?post=71"},{"taxonomy":"post_tag","embeddable":true,"href":"https:\/\/blogg.improveme.se\/missworldsweden\/wp-json\/wp\/v2\/tags?post=71"}],"curies":[{"name":"wp","href":"https:\/\/api.w.org\/{rel}","templated":true}]}}