{"id":89,"date":"2011-10-20T21:33:00","date_gmt":"2011-10-20T20:33:00","guid":{"rendered":"http:\/\/blogg.improveme.se\/missworldsweden\/2011\/10\/20\/tik-tak-tik-tak\/"},"modified":"2011-10-20T21:33:00","modified_gmt":"2011-10-20T20:33:00","slug":"tik-tak-tik-tak","status":"publish","type":"post","link":"https:\/\/blogg.improveme.se\/missworldsweden\/2011\/10\/20\/tik-tak-tik-tak\/","title":{"rendered":"Tik tak tik tak"},"content":{"rendered":"\n<p>tr\u00e4ning. koregrafi och mycket smil<\/p>\n<p>Och s\u00e5 en liten blick i bakspeglen n\u00e5gra sekunder. Suga p\u00e5 karamellen och komma ih\u00e5g f\u00f6r det \u00e4r inte klokt s\u00e5 fort tiden g\u00e5r. Det k\u00e4nns som om det var ig\u00e5r jag gick ut h\u00f6gstadiet &#8230; men \u00e4nd\u00e5 inte, n\u00e4r jag t\u00e4nker p\u00e5 allt som har h\u00e4nt. F\u00f6rsta \u00e5ret p\u00e5 gymnasiet i Halmstad andra \u00e5ret i Paris och b\u00e4st som jag skall g\u00f6ra tredie \u00e5ret i Halmstad s\u00e5 ligger jag p\u00e5 mitt hotell rum i London och \u00e4r i finalen i Miss Wold.  Jag lovar jag ger allt h\u00e4r f\u00f6r att bli den som f\u00e5r jobba med v\u00e4lg\u00f6renhet efter den 6 november och ni som tror p\u00e5 mig ska k\u00e4nna ni valde r\u00e4tt. F\u00f6lj g\u00e4rna med ox\u00e5.    <font face=\"Times New Roman\" size=\"3\"> <\/font><\/p>\n<p class=\"MsoNormal\" style=\"margin: 0cm 0cm 10pt;\"><a href=\"http:\/\/www.eco.co.uk\/event\/miss-world-2011-earls-court\/479\"><font face=\"Calibri\" size=\"3\" color=\"#0000ff\">http:\/\/www.eco.co.uk\/event\/miss-world-2011-earls-court\/479<\/font><\/a><\/p>\n<p><font face=\"Times New Roman\" size=\"3\"> <\/font><\/p>\n<p><a href='http:\/\/s.improveme.se\/data\/filearchive\/257827.0x0.jpg' target='_BLANK'><img src='http:\/\/s.improveme.se\/data\/filearchive\/257827.510x0.jpg' border='0'><\/a><\/p>\n","protected":false},"excerpt":{"rendered":"<p>tr\u00e4ning. koregrafi och mycket smil Och s\u00e5 en liten blick i bakspeglen n\u00e5gra sekunder. Suga p\u00e5 karamellen och komma ih\u00e5g f\u00f6r det \u00e4r inte klokt s\u00e5 fort tiden g\u00e5r. Det k\u00e4nns som om det var ig\u00e5r jag gick ut h\u00f6gstadiet &#8230; men \u00e4nd\u00e5 inte, n\u00e4r jag t\u00e4nker p\u00e5 allt som har h\u00e4nt. F\u00f6rsta \u00e5ret p\u00e5 &#8230; <a title=\"Tik tak tik tak\" class=\"read-more\" href=\"https:\/\/blogg.improveme.se\/missworldsweden\/2011\/10\/20\/tik-tak-tik-tak\/\" aria-label=\"L\u00e4s mer om Tik tak tik tak\">L\u00e4s mer<\/a><\/p>\n","protected":false},"author":720,"featured_media":0,"comment_status":"open","ping_status":"open","sticky":false,"template":"","format":"standard","meta":{"footnotes":""},"categories":[1],"tags":[],"class_list":["post-89","post","type-post","status-publish","format-standard","hentry","category-okategoriserad"],"_links":{"self":[{"href":"https:\/\/blogg.improveme.se\/missworldsweden\/wp-json\/wp\/v2\/posts\/89","targetHints":{"allow":["GET"]}}],"collection":[{"href":"https:\/\/blogg.improveme.se\/missworldsweden\/wp-json\/wp\/v2\/posts"}],"about":[{"href":"https:\/\/blogg.improveme.se\/missworldsweden\/wp-json\/wp\/v2\/types\/post"}],"author":[{"embeddable":true,"href":"https:\/\/blogg.improveme.se\/missworldsweden\/wp-json\/wp\/v2\/users\/720"}],"replies":[{"embeddable":true,"href":"https:\/\/blogg.improveme.se\/missworldsweden\/wp-json\/wp\/v2\/comments?post=89"}],"version-history":[{"count":0,"href":"https:\/\/blogg.improveme.se\/missworldsweden\/wp-json\/wp\/v2\/posts\/89\/revisions"}],"wp:attachment":[{"href":"https:\/\/blogg.improveme.se\/missworldsweden\/wp-json\/wp\/v2\/media?parent=89"}],"wp:term":[{"taxonomy":"category","embeddable":true,"href":"https:\/\/blogg.improveme.se\/missworldsweden\/wp-json\/wp\/v2\/categories?post=89"},{"taxonomy":"post_tag","embeddable":true,"href":"https:\/\/blogg.improveme.se\/missworldsweden\/wp-json\/wp\/v2\/tags?post=89"}],"curies":[{"name":"wp","href":"https:\/\/api.w.org\/{rel}","templated":true}]}}