{"id":1027,"date":"2014-11-08T23:51:32","date_gmt":"2014-11-08T22:51:32","guid":{"rendered":"http:\/\/blogg.improveme.se\/moas\/?p=1027"},"modified":"2014-11-08T23:51:32","modified_gmt":"2014-11-08T22:51:32","slug":"dr-denim-kissy","status":"publish","type":"post","link":"https:\/\/blogg.improveme.se\/moas\/2014\/11\/08\/dr-denim-kissy\/","title":{"rendered":"Dr denim kissy"},"content":{"rendered":"<p>Jag k\u00f6pte dessa jeans fr\u00e5n dr denim i februari och har konstigt nog l\u00e5tit dem ligga i garderoben sedan dess. Varf\u00f6r vet jag inte men idag best\u00e4mde jag mig f\u00f6r att faktiskt anv\u00e4nda dem. Dock f\u00f6rst\u00e5r jag inte varf\u00f6r jag k\u00f6pte dem, gula jeans liksom?<\/p>\n<p><a href=\"http:\/\/blogg.improveme.se\/moas\/files\/2014\/11\/gulabyxorliksomedit.jpg\"><img loading=\"lazy\" decoding=\"async\" class=\"alignnone size-large wp-image-1028\" src=\"http:\/\/blogg.improveme.se\/moas\/files\/2014\/11\/gulabyxorliksomedit-755x755.jpg\" alt=\"gulabyxorliksomedit\" width=\"755\" height=\"755\" srcset=\"https:\/\/blogg.improveme.se\/moas\/files\/2014\/11\/gulabyxorliksomedit-755x755.jpg 755w, https:\/\/blogg.improveme.se\/moas\/files\/2014\/11\/gulabyxorliksomedit-150x150.jpg 150w, https:\/\/blogg.improveme.se\/moas\/files\/2014\/11\/gulabyxorliksomedit-300x300.jpg 300w, https:\/\/blogg.improveme.se\/moas\/files\/2014\/11\/gulabyxorliksomedit.jpg 960w\" sizes=\"auto, (max-width: 755px) 100vw, 755px\" \/><\/a><\/p>\n<p><a href=\"http:\/\/blogg.improveme.se\/moas\/files\/2014\/11\/moalogga.jpg\"><img loading=\"lazy\" decoding=\"async\" class=\"alignnone size-full wp-image-1015\" src=\"http:\/\/blogg.improveme.se\/moas\/files\/2014\/11\/moalogga.jpg\" alt=\"moalogga\" width=\"249\" height=\"104\" \/><\/a><\/p>\n<p>&nbsp;<\/p>\n","protected":false},"excerpt":{"rendered":"<p>Jag k\u00f6pte dessa jeans fr\u00e5n dr denim i februari och har konstigt nog l\u00e5tit dem ligga i garderoben sedan dess. Varf\u00f6r vet jag inte men idag best\u00e4mde jag mig f\u00f6r att faktiskt anv\u00e4nda dem. Dock f\u00f6rst\u00e5r jag inte varf\u00f6r jag k\u00f6pte dem, gula jeans liksom? &nbsp;<\/p>\n","protected":false},"author":5800,"featured_media":0,"comment_status":"open","ping_status":"open","sticky":false,"template":"","format":"standard","meta":{"footnotes":""},"categories":[17],"tags":[],"class_list":["post-1027","post","type-post","status-publish","format-standard","hentry","category-mode"],"_links":{"self":[{"href":"https:\/\/blogg.improveme.se\/moas\/wp-json\/wp\/v2\/posts\/1027","targetHints":{"allow":["GET"]}}],"collection":[{"href":"https:\/\/blogg.improveme.se\/moas\/wp-json\/wp\/v2\/posts"}],"about":[{"href":"https:\/\/blogg.improveme.se\/moas\/wp-json\/wp\/v2\/types\/post"}],"author":[{"embeddable":true,"href":"https:\/\/blogg.improveme.se\/moas\/wp-json\/wp\/v2\/users\/5800"}],"replies":[{"embeddable":true,"href":"https:\/\/blogg.improveme.se\/moas\/wp-json\/wp\/v2\/comments?post=1027"}],"version-history":[{"count":0,"href":"https:\/\/blogg.improveme.se\/moas\/wp-json\/wp\/v2\/posts\/1027\/revisions"}],"wp:attachment":[{"href":"https:\/\/blogg.improveme.se\/moas\/wp-json\/wp\/v2\/media?parent=1027"}],"wp:term":[{"taxonomy":"category","embeddable":true,"href":"https:\/\/blogg.improveme.se\/moas\/wp-json\/wp\/v2\/categories?post=1027"},{"taxonomy":"post_tag","embeddable":true,"href":"https:\/\/blogg.improveme.se\/moas\/wp-json\/wp\/v2\/tags?post=1027"}],"curies":[{"name":"wp","href":"https:\/\/api.w.org\/{rel}","templated":true}]}}