{"id":1084,"date":"2014-11-16T11:47:04","date_gmt":"2014-11-16T10:47:04","guid":{"rendered":"http:\/\/blogg.improveme.se\/moas\/?p=1084"},"modified":"2014-11-16T11:47:04","modified_gmt":"2014-11-16T10:47:04","slug":"vinterlandet","status":"publish","type":"post","link":"https:\/\/blogg.improveme.se\/moas\/2014\/11\/16\/vinterlandet\/","title":{"rendered":"Vinterlandet"},"content":{"rendered":"<div style=\"color: #404040\"><a href=\"http:\/\/blogg.improveme.se\/moas\/files\/2014\/11\/vinterland.jpg\"><img loading=\"lazy\" decoding=\"async\" class=\"alignnone size-large wp-image-1085\" src=\"http:\/\/blogg.improveme.se\/moas\/files\/2014\/11\/vinterland-755x566.jpg\" alt=\"vinterland\" width=\"755\" height=\"566\" srcset=\"https:\/\/blogg.improveme.se\/moas\/files\/2014\/11\/vinterland-755x566.jpg 755w, https:\/\/blogg.improveme.se\/moas\/files\/2014\/11\/vinterland-300x225.jpg 300w, https:\/\/blogg.improveme.se\/moas\/files\/2014\/11\/vinterland.jpg 960w\" sizes=\"auto, (max-width: 755px) 100vw, 755px\" \/><\/a><\/div>\n<div style=\"color: #404040\"><em>Ny kamera m\u00e5ste verkligen inf\u00f6rskaffas&#8230;<\/em><\/div>\n<p><span style=\"color: #404040\">Jag satte mig upp i s\u00e4ngen, drog \u00a0upp rullgardninen och ser detta. Vi har haft sn\u00f6 lite d\u00e5 och d\u00e5 sedan oktober men detta \u00e4r f\u00f6rsta g\u00e5ngen d\u00e5 det ser b\u00e5de luktar och ser ut som vinter. Jag \u00e4r en sann sommarm\u00e4nniska och alltid varit men nu p\u00e5 senaste tiden \u00e4lskar jag \u00e4ven vintern. Nu ska jag fors\u00e4tta dricka varmchoklad och fors\u00e4tta fixa lite sm\u00e5tt och gott p\u00e5 mitt nya projekt.\u00a0<\/span><\/p>\n<p><a href=\"http:\/\/blogg.improveme.se\/moas\/files\/2014\/11\/IMG_0358.jpg\"><img loading=\"lazy\" decoding=\"async\" class=\"alignnone size-full wp-image-1067\" src=\"http:\/\/blogg.improveme.se\/moas\/files\/2014\/11\/IMG_0358.jpg\" alt=\"IMG_0358.JPG\" width=\"249\" height=\"104\" \/><\/a><\/p>\n","protected":false},"excerpt":{"rendered":"<p>Ny kamera m\u00e5ste verkligen inf\u00f6rskaffas&#8230; Jag satte mig upp i s\u00e4ngen, drog \u00a0upp rullgardninen och ser detta. Vi har haft sn\u00f6 lite d\u00e5 och d\u00e5 sedan oktober men detta \u00e4r f\u00f6rsta g\u00e5ngen d\u00e5 det ser b\u00e5de luktar och ser ut som vinter. Jag \u00e4r en sann sommarm\u00e4nniska och alltid varit men nu p\u00e5 senaste tiden &#8230; <a title=\"Vinterlandet\" class=\"read-more\" href=\"https:\/\/blogg.improveme.se\/moas\/2014\/11\/16\/vinterlandet\/\" aria-label=\"L\u00e4s mer om Vinterlandet\">L\u00e4s mer<\/a><\/p>\n","protected":false},"author":5800,"featured_media":0,"comment_status":"open","ping_status":"open","sticky":false,"template":"","format":"standard","meta":{"footnotes":""},"categories":[1],"tags":[],"class_list":["post-1084","post","type-post","status-publish","format-standard","hentry","category-okategoriserad"],"_links":{"self":[{"href":"https:\/\/blogg.improveme.se\/moas\/wp-json\/wp\/v2\/posts\/1084","targetHints":{"allow":["GET"]}}],"collection":[{"href":"https:\/\/blogg.improveme.se\/moas\/wp-json\/wp\/v2\/posts"}],"about":[{"href":"https:\/\/blogg.improveme.se\/moas\/wp-json\/wp\/v2\/types\/post"}],"author":[{"embeddable":true,"href":"https:\/\/blogg.improveme.se\/moas\/wp-json\/wp\/v2\/users\/5800"}],"replies":[{"embeddable":true,"href":"https:\/\/blogg.improveme.se\/moas\/wp-json\/wp\/v2\/comments?post=1084"}],"version-history":[{"count":0,"href":"https:\/\/blogg.improveme.se\/moas\/wp-json\/wp\/v2\/posts\/1084\/revisions"}],"wp:attachment":[{"href":"https:\/\/blogg.improveme.se\/moas\/wp-json\/wp\/v2\/media?parent=1084"}],"wp:term":[{"taxonomy":"category","embeddable":true,"href":"https:\/\/blogg.improveme.se\/moas\/wp-json\/wp\/v2\/categories?post=1084"},{"taxonomy":"post_tag","embeddable":true,"href":"https:\/\/blogg.improveme.se\/moas\/wp-json\/wp\/v2\/tags?post=1084"}],"curies":[{"name":"wp","href":"https:\/\/api.w.org\/{rel}","templated":true}]}}