{"id":201,"date":"2014-01-14T15:39:38","date_gmt":"2014-01-14T14:39:38","guid":{"rendered":"http:\/\/blogg.improveme.se\/moas\/?p=201"},"modified":"2014-01-14T15:39:38","modified_gmt":"2014-01-14T14:39:38","slug":"carmex-lipbalm","status":"publish","type":"post","link":"https:\/\/blogg.improveme.se\/moas\/2014\/01\/14\/carmex-lipbalm\/","title":{"rendered":"Carmex lipbalm"},"content":{"rendered":"<p><a href=\"http:\/\/blogg.improveme.se\/moas\/files\/2014\/01\/20140114-153817.jpg\"><img decoding=\"async\" src=\"http:\/\/blogg.improveme.se\/moas\/files\/2014\/01\/20140114-153817.jpg\" alt=\"20140114-153817.jpg\" class=\"alignnone size-full\" \/><\/a><\/p>\n<p>Som ni kanske vet s\u00e5 fick jag ett nytt carmex av mamma ig\u00e5r eftersom att mitt var slut. S\u00e5 nu t\u00e4nkte jag b\u00f6rja med en ny sak som heter &#8221;vad tycker jag &#8221; kom ih\u00e5g att detta endast \u00e4r mitt tycke s\u00e5 ta inte \u00e5t er om jag tycker en produkt som ni kanske \u00e4lskar \u00e4r d\u00e5lig. <\/p>\n<p>Vi kan b\u00f6rja med att jag tycker om tuben mer en burken dock finns n\u00e4sta aldrig tuben hemma i butikerna.<br \/>\nJag tycker att Carmex \u00e5terfuktar l\u00e4pparna riktigt bra, ig\u00e5r var mina l\u00e4ppar n\u00e4stan blodiga eftersom att jag var f\u00f6rkyld osv..  Men jag tog Carmex en g\u00e5ng p\u00e5 kv\u00e4llen och en g\u00e5ng p\u00e5 morgonen och nu \u00e4r mina l\u00e4ppar s\u00e5 sjukt mjuka och \u00e5terfuktade. Jag tipsar verkligen om Carmex f\u00f6r vintern <\/p>\n","protected":false},"excerpt":{"rendered":"<p>Som ni kanske vet s\u00e5 fick jag ett nytt carmex av mamma ig\u00e5r eftersom att mitt var slut. S\u00e5 nu t\u00e4nkte jag b\u00f6rja med en ny sak som heter &#8221;vad tycker jag &#8221; kom ih\u00e5g att detta endast \u00e4r mitt tycke s\u00e5 ta inte \u00e5t er om jag tycker en produkt som ni kanske \u00e4lskar &#8230; <a title=\"Carmex lipbalm\" class=\"read-more\" href=\"https:\/\/blogg.improveme.se\/moas\/2014\/01\/14\/carmex-lipbalm\/\" aria-label=\"L\u00e4s mer om Carmex lipbalm\">L\u00e4s mer<\/a><\/p>\n","protected":false},"author":5800,"featured_media":0,"comment_status":"open","ping_status":"open","sticky":false,"template":"","format":"standard","meta":{"footnotes":""},"categories":[9],"tags":[12,11,10],"class_list":["post-201","post","type-post","status-publish","format-standard","hentry","category-vad-tycker-jag","tag-jag","tag-tycker","tag-vad"],"_links":{"self":[{"href":"https:\/\/blogg.improveme.se\/moas\/wp-json\/wp\/v2\/posts\/201","targetHints":{"allow":["GET"]}}],"collection":[{"href":"https:\/\/blogg.improveme.se\/moas\/wp-json\/wp\/v2\/posts"}],"about":[{"href":"https:\/\/blogg.improveme.se\/moas\/wp-json\/wp\/v2\/types\/post"}],"author":[{"embeddable":true,"href":"https:\/\/blogg.improveme.se\/moas\/wp-json\/wp\/v2\/users\/5800"}],"replies":[{"embeddable":true,"href":"https:\/\/blogg.improveme.se\/moas\/wp-json\/wp\/v2\/comments?post=201"}],"version-history":[{"count":0,"href":"https:\/\/blogg.improveme.se\/moas\/wp-json\/wp\/v2\/posts\/201\/revisions"}],"wp:attachment":[{"href":"https:\/\/blogg.improveme.se\/moas\/wp-json\/wp\/v2\/media?parent=201"}],"wp:term":[{"taxonomy":"category","embeddable":true,"href":"https:\/\/blogg.improveme.se\/moas\/wp-json\/wp\/v2\/categories?post=201"},{"taxonomy":"post_tag","embeddable":true,"href":"https:\/\/blogg.improveme.se\/moas\/wp-json\/wp\/v2\/tags?post=201"}],"curies":[{"name":"wp","href":"https:\/\/api.w.org\/{rel}","templated":true}]}}