{"id":357,"date":"2014-04-17T10:07:55","date_gmt":"2014-04-17T08:07:55","guid":{"rendered":"http:\/\/blogg.improveme.se\/moas\/?p=357"},"modified":"2014-04-17T10:08:17","modified_gmt":"2014-04-17T08:08:17","slug":"min-vecka-och-lite-till","status":"publish","type":"post","link":"https:\/\/blogg.improveme.se\/moas\/2014\/04\/17\/min-vecka-och-lite-till\/","title":{"rendered":"Min vecka och lite till"},"content":{"rendered":"<p>Okej nu ska jag skriva om min vecka.<br \/>\n<strong>fredag<\/strong><br \/>\nJag var hemma och m\u00e5dde illa.<br \/>\n<strong>l\u00f6rdag<\/strong><br \/>\nEftersom vi bokade stuga i K\u00e5bdalis och att morfar fyllde 60 ( vi skulle fira d\u00e4r). S\u00e5 hade jag inget val en att sova i fyra timmar i en bil.  Sov i stort s\u00e4tt hela dagen d\u00e4r.<br \/>\n<strong>s\u00f6ndag<\/strong><br \/>\nDet visade sig att det inte var magsjuka (puh!) eftersom jag inte spytt. M\u00e5dde n\u00e4stan bra den dagen s\u00e5 \u00e5kte lite slalom.  Vi for hem<br \/>\n<strong>m\u00e5ndag<\/strong><br \/>\nJag blev riktigt f\u00f6rkyld och hade riktigt h\u00f6g feber. Bode i princip i soffan den dagen.<br \/>\n<strong>tisdag <\/strong><br \/>\nSamma som m\u00e5ndagen.<br \/>\n<strong>onsdag<\/strong><br \/>\nM\u00e5dde konstigt nog bra, s\u00e5 vi tog bussen och shoppade. Knarkade typ panodil den dagen. Eftersom mina kusiner (och deras f\u00f6r\u00e4ldrar) \u00e4r hos farmor och farfar s\u00e5 sov jag d\u00e4r i natt.<br \/>\n<strong>idag<\/strong><br \/>\nIdag s\u00e5 skulle jag egentlige \u00e5ka till stugan men v\u00e4ljer att fara imorgon med mamma och pappa. <\/p>\n<p><em>F\u00f6rresten s\u00e5 smakade jag vitamin well ig\u00e5r, i antioxidant. Den var fruktansv\u00e4rt god. <\/p>\n<p><a href=\"http:\/\/blogg.improveme.se\/moas\/files\/2014\/04\/20140417-100551.jpg\"><img decoding=\"async\" src=\"http:\/\/blogg.improveme.se\/moas\/files\/2014\/04\/20140417-100551.jpg\" alt=\"20140417-100551.jpg\" class=\"alignnone size-full\" \/><\/a><\/p>\n","protected":false},"excerpt":{"rendered":"<p>Okej nu ska jag skriva om min vecka. fredag Jag var hemma och m\u00e5dde illa. l\u00f6rdag Eftersom vi bokade stuga i K\u00e5bdalis och att morfar fyllde 60 ( vi skulle fira d\u00e4r). S\u00e5 hade jag inget val en att sova i fyra timmar i en bil. Sov i stort s\u00e4tt hela dagen d\u00e4r. s\u00f6ndag Det &#8230; <a title=\"Min vecka och lite till\" class=\"read-more\" href=\"https:\/\/blogg.improveme.se\/moas\/2014\/04\/17\/min-vecka-och-lite-till\/\" aria-label=\"L\u00e4s mer om Min vecka och lite till\">L\u00e4s mer<\/a><\/p>\n","protected":false},"author":5800,"featured_media":0,"comment_status":"open","ping_status":"open","sticky":false,"template":"","format":"standard","meta":{"footnotes":""},"categories":[1],"tags":[],"class_list":["post-357","post","type-post","status-publish","format-standard","hentry","category-okategoriserad"],"_links":{"self":[{"href":"https:\/\/blogg.improveme.se\/moas\/wp-json\/wp\/v2\/posts\/357","targetHints":{"allow":["GET"]}}],"collection":[{"href":"https:\/\/blogg.improveme.se\/moas\/wp-json\/wp\/v2\/posts"}],"about":[{"href":"https:\/\/blogg.improveme.se\/moas\/wp-json\/wp\/v2\/types\/post"}],"author":[{"embeddable":true,"href":"https:\/\/blogg.improveme.se\/moas\/wp-json\/wp\/v2\/users\/5800"}],"replies":[{"embeddable":true,"href":"https:\/\/blogg.improveme.se\/moas\/wp-json\/wp\/v2\/comments?post=357"}],"version-history":[{"count":0,"href":"https:\/\/blogg.improveme.se\/moas\/wp-json\/wp\/v2\/posts\/357\/revisions"}],"wp:attachment":[{"href":"https:\/\/blogg.improveme.se\/moas\/wp-json\/wp\/v2\/media?parent=357"}],"wp:term":[{"taxonomy":"category","embeddable":true,"href":"https:\/\/blogg.improveme.se\/moas\/wp-json\/wp\/v2\/categories?post=357"},{"taxonomy":"post_tag","embeddable":true,"href":"https:\/\/blogg.improveme.se\/moas\/wp-json\/wp\/v2\/tags?post=357"}],"curies":[{"name":"wp","href":"https:\/\/api.w.org\/{rel}","templated":true}]}}