{"id":367,"date":"2014-08-15T22:32:55","date_gmt":"2014-08-15T20:32:55","guid":{"rendered":"http:\/\/blogg.improveme.se\/moas\/?p=367"},"modified":"2014-08-15T22:32:55","modified_gmt":"2014-08-15T20:32:55","slug":"for-eller-emot","status":"publish","type":"post","link":"https:\/\/blogg.improveme.se\/moas\/2014\/08\/15\/for-eller-emot\/","title":{"rendered":"F\u00f6r eller emot?"},"content":{"rendered":"<p><a href=\"http:\/\/blogg.improveme.se\/moas\/files\/2014\/08\/superj\u00e4lte.jpg\"><img loading=\"lazy\" decoding=\"async\" class=\"alignnone size-full wp-image-368\" alt=\"superj\u00e4lte\" src=\"http:\/\/blogg.improveme.se\/moas\/files\/2014\/08\/superj\u00e4lte.jpg\" width=\"712\" height=\"65\" srcset=\"https:\/\/blogg.improveme.se\/moas\/files\/2014\/08\/superj\u00e4lte.jpg 712w, https:\/\/blogg.improveme.se\/moas\/files\/2014\/08\/superj\u00e4lte-300x27.jpg 300w\" sizes=\"auto, (max-width: 712px) 100vw, 712px\" \/><\/a><\/p>\n<p>Sj\u00e4lv anser jag att det \u00e4r sjukt fel att ens dotter inte ska f\u00e5 b\u00e4ra en superhj\u00e4lte kostym p\u00e5 halloween! Vem best\u00e4mmer vad som \u00e4r f\u00f6r tjejer och vad som \u00e4r f\u00f6r killar? Det jag blir mest f\u00f6rbannad p\u00e5 \u00e4r att mamman inte st\u00f6ttar barnen, l\u00e5t ungen kl\u00e4 sig som hon vill.<\/p>\n<center>\n\t\t\t\t\t\t<object width=\"100%\" height=\"425\">\n\t\t\t\t\t\t\t\t\n\t\t\t\t\t\t\t<param name=\"movie\" value=\"http:\/\/www.youtube.com\/v\/MFn81_HAvWg?version=3&amp;hl=sv_SE&amp;rel=0\"><\/param>\n\t\t\t\t\t\t\t<param name=\"allowfullscreen\" value=\"true\"><\/param>\n\t\t\t\t\t\t\t<param name=\"allowScriptAccess\" value=\"always\"><\/param>\n\t\t\t\t\t\t\t\t\n\t\t\t\t\t\t\t<embed src=\"http:\/\/www.youtube.com\/v\/MFn81_HAvWg?version=3&amp;hl=sv_SE&amp;rel=0\" type=\"application\/x-shockwave-flash\" allowscriptaccess=\"always\" allowfullscreen=\"true\" width=\"100%\" height=\"425\"><\/embed>\n\t\t\t\t\t\t<\/object>\n\t\t\t\t\t<\/center>\n<p><a href=\"http:\/\/https:\/\/www.youtube.com\/watch?v=MFn81_HAvWg\">\u00a0<\/a><\/p>\n","protected":false},"excerpt":{"rendered":"<p>Sj\u00e4lv anser jag att det \u00e4r sjukt fel att ens dotter inte ska f\u00e5 b\u00e4ra en superhj\u00e4lte kostym p\u00e5 halloween! Vem best\u00e4mmer vad som \u00e4r f\u00f6r tjejer och vad som \u00e4r f\u00f6r killar? Det jag blir mest f\u00f6rbannad p\u00e5 \u00e4r att mamman inte st\u00f6ttar barnen, l\u00e5t ungen kl\u00e4 sig som hon vill. \u00a0<\/p>\n","protected":false},"author":5800,"featured_media":0,"comment_status":"open","ping_status":"open","sticky":false,"template":"","format":"standard","meta":{"footnotes":""},"categories":[9],"tags":[],"class_list":["post-367","post","type-post","status-publish","format-standard","hentry","category-vad-tycker-jag"],"_links":{"self":[{"href":"https:\/\/blogg.improveme.se\/moas\/wp-json\/wp\/v2\/posts\/367","targetHints":{"allow":["GET"]}}],"collection":[{"href":"https:\/\/blogg.improveme.se\/moas\/wp-json\/wp\/v2\/posts"}],"about":[{"href":"https:\/\/blogg.improveme.se\/moas\/wp-json\/wp\/v2\/types\/post"}],"author":[{"embeddable":true,"href":"https:\/\/blogg.improveme.se\/moas\/wp-json\/wp\/v2\/users\/5800"}],"replies":[{"embeddable":true,"href":"https:\/\/blogg.improveme.se\/moas\/wp-json\/wp\/v2\/comments?post=367"}],"version-history":[{"count":0,"href":"https:\/\/blogg.improveme.se\/moas\/wp-json\/wp\/v2\/posts\/367\/revisions"}],"wp:attachment":[{"href":"https:\/\/blogg.improveme.se\/moas\/wp-json\/wp\/v2\/media?parent=367"}],"wp:term":[{"taxonomy":"category","embeddable":true,"href":"https:\/\/blogg.improveme.se\/moas\/wp-json\/wp\/v2\/categories?post=367"},{"taxonomy":"post_tag","embeddable":true,"href":"https:\/\/blogg.improveme.se\/moas\/wp-json\/wp\/v2\/tags?post=367"}],"curies":[{"name":"wp","href":"https:\/\/api.w.org\/{rel}","templated":true}]}}