{"id":430,"date":"2014-09-11T21:23:37","date_gmt":"2014-09-11T19:23:37","guid":{"rendered":"http:\/\/blogg.improveme.se\/moas\/?p=430"},"modified":"2014-09-11T21:23:37","modified_gmt":"2014-09-11T19:23:37","slug":"just-nu","status":"publish","type":"post","link":"https:\/\/blogg.improveme.se\/moas\/2014\/09\/11\/just-nu\/","title":{"rendered":"Just nu"},"content":{"rendered":"<p>Nu sitter jag och funderar p\u00e5 vad jag ska r\u00f6sta p\u00e5 imorgon till skolvalet, inte f\u00f6r att det g\u00f6r n\u00e5gon skillnad i v\u00e5rt land dock. Men eftersom jag \u00e4nd\u00e5 har prov imorgon p\u00e5 politik s\u00e5 spenderas kv\u00e4llen med att se p\u00e5 tal fr\u00e5n Almedalsveckan.<\/p>\n<center>\n\t\t\t\t\t\t<object width=\"100%\" height=\"425\">\n\t\t\t\t\t\t\t\t\n\t\t\t\t\t\t\t<param name=\"movie\" value=\"http:\/\/www.youtube.com\/v\/OpwpmmN1SsA?version=3&amp;hl=sv_SE&amp;rel=0\"><\/param>\n\t\t\t\t\t\t\t<param name=\"allowfullscreen\" value=\"true\"><\/param>\n\t\t\t\t\t\t\t<param name=\"allowScriptAccess\" value=\"always\"><\/param>\n\t\t\t\t\t\t\t\t\n\t\t\t\t\t\t\t<embed src=\"http:\/\/www.youtube.com\/v\/OpwpmmN1SsA?version=3&amp;hl=sv_SE&amp;rel=0\" type=\"application\/x-shockwave-flash\" allowscriptaccess=\"always\" allowfullscreen=\"true\" width=\"100%\" height=\"425\"><\/embed>\n\t\t\t\t\t\t<\/object>\n\t\t\t\t\t<\/center>\n<center>\n\t\t\t\t\t\t<object width=\"100%\" height=\"425\">\n\t\t\t\t\t\t\t\t\n\t\t\t\t\t\t\t<param name=\"movie\" value=\"http:\/\/www.youtube.com\/v\/xV2Z2lKAq60?version=3&amp;hl=sv_SE&amp;rel=0\"><\/param>\n\t\t\t\t\t\t\t<param name=\"allowfullscreen\" value=\"true\"><\/param>\n\t\t\t\t\t\t\t<param name=\"allowScriptAccess\" value=\"always\"><\/param>\n\t\t\t\t\t\t\t\t\n\t\t\t\t\t\t\t<embed src=\"http:\/\/www.youtube.com\/v\/xV2Z2lKAq60?version=3&amp;hl=sv_SE&amp;rel=0\" type=\"application\/x-shockwave-flash\" allowscriptaccess=\"always\" allowfullscreen=\"true\" width=\"100%\" height=\"425\"><\/embed>\n\t\t\t\t\t\t<\/object>\n\t\t\t\t\t<\/center>\n","protected":false},"excerpt":{"rendered":"<p>Nu sitter jag och funderar p\u00e5 vad jag ska r\u00f6sta p\u00e5 imorgon till skolvalet, inte f\u00f6r att det g\u00f6r n\u00e5gon skillnad i v\u00e5rt land dock. Men eftersom jag \u00e4nd\u00e5 har prov imorgon p\u00e5 politik s\u00e5 spenderas kv\u00e4llen med att se p\u00e5 tal fr\u00e5n Almedalsveckan.<\/p>\n","protected":false},"author":5800,"featured_media":0,"comment_status":"open","ping_status":"open","sticky":false,"template":"","format":"standard","meta":{"footnotes":""},"categories":[1],"tags":[],"class_list":["post-430","post","type-post","status-publish","format-standard","hentry","category-okategoriserad"],"_links":{"self":[{"href":"https:\/\/blogg.improveme.se\/moas\/wp-json\/wp\/v2\/posts\/430","targetHints":{"allow":["GET"]}}],"collection":[{"href":"https:\/\/blogg.improveme.se\/moas\/wp-json\/wp\/v2\/posts"}],"about":[{"href":"https:\/\/blogg.improveme.se\/moas\/wp-json\/wp\/v2\/types\/post"}],"author":[{"embeddable":true,"href":"https:\/\/blogg.improveme.se\/moas\/wp-json\/wp\/v2\/users\/5800"}],"replies":[{"embeddable":true,"href":"https:\/\/blogg.improveme.se\/moas\/wp-json\/wp\/v2\/comments?post=430"}],"version-history":[{"count":0,"href":"https:\/\/blogg.improveme.se\/moas\/wp-json\/wp\/v2\/posts\/430\/revisions"}],"wp:attachment":[{"href":"https:\/\/blogg.improveme.se\/moas\/wp-json\/wp\/v2\/media?parent=430"}],"wp:term":[{"taxonomy":"category","embeddable":true,"href":"https:\/\/blogg.improveme.se\/moas\/wp-json\/wp\/v2\/categories?post=430"},{"taxonomy":"post_tag","embeddable":true,"href":"https:\/\/blogg.improveme.se\/moas\/wp-json\/wp\/v2\/tags?post=430"}],"curies":[{"name":"wp","href":"https:\/\/api.w.org\/{rel}","templated":true}]}}