{"id":482,"date":"2014-09-18T20:44:40","date_gmt":"2014-09-18T18:44:40","guid":{"rendered":"http:\/\/blogg.improveme.se\/moas\/?p=482"},"modified":"2014-09-21T10:52:38","modified_gmt":"2014-09-21T08:52:38","slug":"atm","status":"publish","type":"post","link":"https:\/\/blogg.improveme.se\/moas\/2014\/09\/18\/atm\/","title":{"rendered":"Atm"},"content":{"rendered":"<p>Just nu sitter jag och ser p\u00e5 blog awards 2014. Det \u00e4r live p\u00e5 tv4 play ( Klicka H\u00c4R f\u00f6r att se).<\/p>\n<p>Har r\u00f6stat p\u00e5 mina favoriter s\u00e5 f\u00f6rhoppningsvis g\u00e5r det bra f\u00f6r dem. Clara Henry ska vara programledare, hur awesome \u00e4r inte det? \u00c4lskar henne, hennes stil och s\u00e4ttet hon talar p\u00e5. Om ni vill veta s\u00e5 har jag fixat mitt rum mysigt och h\u00f6stigt. I framtiden kommer det en \u00a0room tour n\u00e4r jag \u00e4r hundra klar.<\/p>\n<p><a href=\"http:\/\/blogg.improveme.se\/moas\/files\/2014\/09\/Sk\u00e4rmavbild-2014-09-18-kl.-20.40.52.png\"><img loading=\"lazy\" decoding=\"async\" class=\"size-large wp-image-483 aligncenter\" src=\"http:\/\/blogg.improveme.se\/moas\/files\/2014\/09\/Sk\u00e4rmavbild-2014-09-18-kl.-20.40.52-755x471.png\" alt=\"Sk\u00e4rmavbild 2014-09-18 kl. 20.40.52\" width=\"755\" height=\"471\" srcset=\"https:\/\/blogg.improveme.se\/moas\/files\/2014\/09\/Sk\u00e4rmavbild-2014-09-18-kl.-20.40.52-755x471.png 755w, https:\/\/blogg.improveme.se\/moas\/files\/2014\/09\/Sk\u00e4rmavbild-2014-09-18-kl.-20.40.52-300x187.png 300w, https:\/\/blogg.improveme.se\/moas\/files\/2014\/09\/Sk\u00e4rmavbild-2014-09-18-kl.-20.40.52.png 1440w\" sizes=\"auto, (max-width: 755px) 100vw, 755px\" \/><\/a><\/p>\n<p><a href=\"http:\/\/blogg.improveme.se\/moas\/files\/2014\/09\/moalogga.jpg\"><img loading=\"lazy\" decoding=\"async\" class=\"alignnone size-full wp-image-505\" src=\"http:\/\/blogg.improveme.se\/moas\/files\/2014\/09\/moalogga.jpg\" alt=\"moalogga\" width=\"249\" height=\"104\" \/><\/a><\/p>\n","protected":false},"excerpt":{"rendered":"<p>Just nu sitter jag och ser p\u00e5 blog awards 2014. Det \u00e4r live p\u00e5 tv4 play ( Klicka H\u00c4R f\u00f6r att se). Har r\u00f6stat p\u00e5 mina favoriter s\u00e5 f\u00f6rhoppningsvis g\u00e5r det bra f\u00f6r dem. Clara Henry ska vara programledare, hur awesome \u00e4r inte det? \u00c4lskar henne, hennes stil och s\u00e4ttet hon talar p\u00e5. Om ni &#8230; <a title=\"Atm\" class=\"read-more\" href=\"https:\/\/blogg.improveme.se\/moas\/2014\/09\/18\/atm\/\" aria-label=\"L\u00e4s mer om Atm\">L\u00e4s mer<\/a><\/p>\n","protected":false},"author":5800,"featured_media":0,"comment_status":"open","ping_status":"open","sticky":false,"template":"","format":"standard","meta":{"footnotes":""},"categories":[1],"tags":[],"class_list":["post-482","post","type-post","status-publish","format-standard","hentry","category-okategoriserad"],"_links":{"self":[{"href":"https:\/\/blogg.improveme.se\/moas\/wp-json\/wp\/v2\/posts\/482","targetHints":{"allow":["GET"]}}],"collection":[{"href":"https:\/\/blogg.improveme.se\/moas\/wp-json\/wp\/v2\/posts"}],"about":[{"href":"https:\/\/blogg.improveme.se\/moas\/wp-json\/wp\/v2\/types\/post"}],"author":[{"embeddable":true,"href":"https:\/\/blogg.improveme.se\/moas\/wp-json\/wp\/v2\/users\/5800"}],"replies":[{"embeddable":true,"href":"https:\/\/blogg.improveme.se\/moas\/wp-json\/wp\/v2\/comments?post=482"}],"version-history":[{"count":0,"href":"https:\/\/blogg.improveme.se\/moas\/wp-json\/wp\/v2\/posts\/482\/revisions"}],"wp:attachment":[{"href":"https:\/\/blogg.improveme.se\/moas\/wp-json\/wp\/v2\/media?parent=482"}],"wp:term":[{"taxonomy":"category","embeddable":true,"href":"https:\/\/blogg.improveme.se\/moas\/wp-json\/wp\/v2\/categories?post=482"},{"taxonomy":"post_tag","embeddable":true,"href":"https:\/\/blogg.improveme.se\/moas\/wp-json\/wp\/v2\/tags?post=482"}],"curies":[{"name":"wp","href":"https:\/\/api.w.org\/{rel}","templated":true}]}}