{"id":623,"date":"2014-10-01T07:00:57","date_gmt":"2014-10-01T05:00:57","guid":{"rendered":"http:\/\/blogg.improveme.se\/moas\/?p=623"},"modified":"2014-09-30T22:58:01","modified_gmt":"2014-09-30T20:58:01","slug":"pippi-och-negerkungen","status":"publish","type":"post","link":"https:\/\/blogg.improveme.se\/moas\/2014\/10\/01\/pippi-och-negerkungen\/","title":{"rendered":"Pippi och &#8221;negerkungen&#8221;"},"content":{"rendered":"<p>Ingen som \u00e4r p\u00e5 sociala medier kan v\u00e4ll ha missat att man ska klippa allt som hade med negerkungen och kineser fr\u00e5n pippi. N\u00e4stan alla tycker olika, sj\u00e4lv anser jag att detta \u00e4r totalt fel.<\/p>\n<p>Som danskarna skrev p\u00e5 facebook s\u00e5 menades inte negerkung som n\u00e5got elakt, hon skrev bara ett ord som var naturligt f\u00f6r henne. L\u00e4ste \u00e4ven att delen d\u00e5 Pippi leker kines ska raderas. Varf\u00f6r? Visst kanske det inte \u00e4r hundra sn\u00e4llt att man f\u00e5r kinesernas \u00f6gon att verka som n\u00e5got roligt! Men allt detta g\u00e5r bara f\u00f6r l\u00e5ngt, den vita chokladen fr\u00e5n Alladin asken ska bort, \u00e4r det inte mer racistiskt att ta bort den och l\u00e4mna den vita? Men ska jag vara helt \u00e4rlig s\u00e5 bryr jag mig inte s\u00e5 mycket om pippi, eller om dem klippte lite fr\u00e5n kalles jul MEN choklad. Choklad \u00e4r min svaga punkt i alla l\u00e4gen, jag \u00e4lskar doften, smaken och allt med choklad! S\u00e5 ni som sitter och best\u00e4mmer vad som \u00e4r r\u00e4tt och fel i samh\u00e4llet, l\u00e4mna chokladen.<\/p>\n<p>Men fr\u00e5n Pippi till n\u00e5got annat. Jag har m\u00e4rkt att min skrivlust alltid kommer p\u00e5 kv\u00e4llen, i skrivande stund \u00e4r klockan ett och mina \u00f6gon h\u00e5ller p\u00e5 att slockna. Men innan jag somnar p\u00e5 datorn s\u00e5 tror jag att jag st\u00e4nger den och b\u00e4ddar ner mig.<\/p>\n<p><a href=\"http:\/\/blogg.improveme.se\/moas\/files\/2014\/09\/Pippi_Longstocking_thumb.jpg\"><img loading=\"lazy\" decoding=\"async\" class=\"alignnone size-full wp-image-624\" src=\"http:\/\/blogg.improveme.se\/moas\/files\/2014\/09\/Pippi_Longstocking_thumb.jpg\" alt=\"Pippi_Longstocking_thumb\" width=\"604\" height=\"361\" srcset=\"https:\/\/blogg.improveme.se\/moas\/files\/2014\/09\/Pippi_Longstocking_thumb.jpg 604w, https:\/\/blogg.improveme.se\/moas\/files\/2014\/09\/Pippi_Longstocking_thumb-300x179.jpg 300w\" sizes=\"auto, (max-width: 604px) 100vw, 604px\" \/><\/a><\/p>\n<p>&nbsp;<\/p>\n<p><a href=\"http:\/\/blogg.improveme.se\/moas\/files\/2014\/09\/moalogga.jpg\"><img loading=\"lazy\" decoding=\"async\" class=\"alignnone size-full wp-image-505\" src=\"http:\/\/blogg.improveme.se\/moas\/files\/2014\/09\/moalogga.jpg\" alt=\"moalogga\" width=\"249\" height=\"104\" \/><\/a><\/p>\n","protected":false},"excerpt":{"rendered":"<p>Ingen som \u00e4r p\u00e5 sociala medier kan v\u00e4ll ha missat att man ska klippa allt som hade med negerkungen och kineser fr\u00e5n pippi. N\u00e4stan alla tycker olika, sj\u00e4lv anser jag att detta \u00e4r totalt fel. Som danskarna skrev p\u00e5 facebook s\u00e5 menades inte negerkung som n\u00e5got elakt, hon skrev bara ett ord som var naturligt &#8230; <a title=\"Pippi och &#8221;negerkungen&#8221;\" class=\"read-more\" href=\"https:\/\/blogg.improveme.se\/moas\/2014\/10\/01\/pippi-och-negerkungen\/\" aria-label=\"L\u00e4s mer om Pippi och &#8221;negerkungen&#8221;\">L\u00e4s mer<\/a><\/p>\n","protected":false},"author":5800,"featured_media":0,"comment_status":"open","ping_status":"open","sticky":false,"template":"","format":"standard","meta":{"footnotes":""},"categories":[9],"tags":[],"class_list":["post-623","post","type-post","status-publish","format-standard","hentry","category-vad-tycker-jag"],"_links":{"self":[{"href":"https:\/\/blogg.improveme.se\/moas\/wp-json\/wp\/v2\/posts\/623","targetHints":{"allow":["GET"]}}],"collection":[{"href":"https:\/\/blogg.improveme.se\/moas\/wp-json\/wp\/v2\/posts"}],"about":[{"href":"https:\/\/blogg.improveme.se\/moas\/wp-json\/wp\/v2\/types\/post"}],"author":[{"embeddable":true,"href":"https:\/\/blogg.improveme.se\/moas\/wp-json\/wp\/v2\/users\/5800"}],"replies":[{"embeddable":true,"href":"https:\/\/blogg.improveme.se\/moas\/wp-json\/wp\/v2\/comments?post=623"}],"version-history":[{"count":0,"href":"https:\/\/blogg.improveme.se\/moas\/wp-json\/wp\/v2\/posts\/623\/revisions"}],"wp:attachment":[{"href":"https:\/\/blogg.improveme.se\/moas\/wp-json\/wp\/v2\/media?parent=623"}],"wp:term":[{"taxonomy":"category","embeddable":true,"href":"https:\/\/blogg.improveme.se\/moas\/wp-json\/wp\/v2\/categories?post=623"},{"taxonomy":"post_tag","embeddable":true,"href":"https:\/\/blogg.improveme.se\/moas\/wp-json\/wp\/v2\/tags?post=623"}],"curies":[{"name":"wp","href":"https:\/\/api.w.org\/{rel}","templated":true}]}}