{"id":655,"date":"2014-10-04T10:36:24","date_gmt":"2014-10-04T08:36:24","guid":{"rendered":"http:\/\/blogg.improveme.se\/moas\/?p=655"},"modified":"2014-10-04T10:36:24","modified_gmt":"2014-10-04T08:36:24","slug":"iansomerhalder","status":"publish","type":"post","link":"https:\/\/blogg.improveme.se\/moas\/2014\/10\/04\/iansomerhalder\/","title":{"rendered":"Ian Somerhalder vs. Paul Wesley"},"content":{"rendered":"<p style=\"text-align: center\"><strong>Team stelena eller team delena? Damon eller Stefan? Paul eller Ian?\u00a0<\/strong><\/p>\n<p>Om ni ser p\u00e5 The Vampire Diaries s\u00e5 har ni nog f\u00e5tt fr\u00e5gan Stefan eller Damon? Det har jag f\u00e5tt s\u00e5 m\u00e5nga g\u00e5nger men mina \u00e5sikter om det har \u00e4ndrats. I b\u00f6rjan s\u00e5 var jag ett stort Stelena fan (Stefan och Elena) men eftersom jag l\u00e4st Stefan\u00b4s Diaires b\u00f6ckerna s\u00e5 \u00e4ndrades mina \u00e5sikter drastiskt. man brukar tro att Stefan \u00e4r den sn\u00e4lla brodern och Damon den elaka men s\u00e5 \u00e4r det inte. Stefan tvingade Damon att bli vampy, stefan d\u00f6dare deras far och gjorde \u00e4ven s\u00e5 mycket d\u00e5ligt. Visst Damon var lite rebellisk under dem 3 f\u00f6rsta s\u00e4songerna men inte l\u00e4ngre (som Elsa i Frozen sa, the past is the past) \u00a0. Sen kan vi inte gl\u00f6mma att Ian somerhalder \u00e4r s\u00e5 mycket snyggare en Paul Wesley, liksom kolla bara!<\/p>\n<p><a href=\"http:\/\/blogg.improveme.se\/moas\/files\/2014\/10\/ianandpaul.jpg\"><img loading=\"lazy\" decoding=\"async\" class=\"alignnone size-large wp-image-657\" src=\"http:\/\/blogg.improveme.se\/moas\/files\/2014\/10\/ianandpaul-755x544.jpg\" alt=\"Vampire Diaries Season 2 Cast Tour\" width=\"755\" height=\"544\" srcset=\"https:\/\/blogg.improveme.se\/moas\/files\/2014\/10\/ianandpaul-755x544.jpg 755w, https:\/\/blogg.improveme.se\/moas\/files\/2014\/10\/ianandpaul-300x216.jpg 300w, https:\/\/blogg.improveme.se\/moas\/files\/2014\/10\/ianandpaul.jpg 1421w\" sizes=\"auto, (max-width: 755px) 100vw, 755px\" \/><\/a>Paul till v\u00e4nster och Ian till h\u00f6ger.<\/p>\n<p>Vi f\u00e5r inte gl\u00f6mma Ian och Ninas tal p\u00e5\u00a0people&#8217;s choice awards 2014 n\u00e4r ian pussade henne s\u00e5 s\u00f6tt p\u00e5 kinden.<\/p>\n<p><a href=\"http:\/\/blogg.improveme.se\/moas\/files\/2014\/10\/ianandnina.jpeg\"><img loading=\"lazy\" decoding=\"async\" class=\"alignnone size-large wp-image-656\" src=\"http:\/\/blogg.improveme.se\/moas\/files\/2014\/10\/ianandnina-755x424.jpeg\" alt=\"ianandnina\" width=\"755\" height=\"424\" srcset=\"https:\/\/blogg.improveme.se\/moas\/files\/2014\/10\/ianandnina-755x424.jpeg 755w, https:\/\/blogg.improveme.se\/moas\/files\/2014\/10\/ianandnina-300x168.jpeg 300w, https:\/\/blogg.improveme.se\/moas\/files\/2014\/10\/ianandnina.jpeg 1280w\" sizes=\"auto, (max-width: 755px) 100vw, 755px\" \/><\/a>Deras tal var ocks\u00e5 riktigt kul att lyssna p\u00e5<\/p>\n<center>\n\t\t\t\t\t\t<object width=\"100%\" height=\"425\">\n\t\t\t\t\t\t\t\t\n\t\t\t\t\t\t\t<param name=\"movie\" value=\"http:\/\/www.youtube.com\/v\/ku97tJFadPQ?version=3&amp;hl=sv_SE&amp;rel=0\"><\/param>\n\t\t\t\t\t\t\t<param name=\"allowfullscreen\" value=\"true\"><\/param>\n\t\t\t\t\t\t\t<param name=\"allowScriptAccess\" value=\"always\"><\/param>\n\t\t\t\t\t\t\t\t\n\t\t\t\t\t\t\t<embed src=\"http:\/\/www.youtube.com\/v\/ku97tJFadPQ?version=3&amp;hl=sv_SE&amp;rel=0\" type=\"application\/x-shockwave-flash\" allowscriptaccess=\"always\" allowfullscreen=\"true\" width=\"100%\" height=\"425\"><\/embed>\n\t\t\t\t\t\t<\/object>\n\t\t\t\t\t<\/center>\n<p>Paul verkar vara s\u00e5 sjukt tr\u00e5kig i alla intervjuer medan Ian alltid \u00e4r rolig. Men Ian verkar dock s\u00e4ga mer fel en vad Paul g\u00f6r under inspelningarna.<\/p>\n<center>\n\t\t\t\t\t\t<object width=\"100%\" height=\"425\">\n\t\t\t\t\t\t\t\t\n\t\t\t\t\t\t\t<param name=\"movie\" value=\"http:\/\/www.youtube.com\/v\/t6obzfVqDLA?version=3&amp;hl=sv_SE&amp;rel=0\"><\/param>\n\t\t\t\t\t\t\t<param name=\"allowfullscreen\" value=\"true\"><\/param>\n\t\t\t\t\t\t\t<param name=\"allowScriptAccess\" value=\"always\"><\/param>\n\t\t\t\t\t\t\t\t\n\t\t\t\t\t\t\t<embed src=\"http:\/\/www.youtube.com\/v\/t6obzfVqDLA?version=3&amp;hl=sv_SE&amp;rel=0\" type=\"application\/x-shockwave-flash\" allowscriptaccess=\"always\" allowfullscreen=\"true\" width=\"100%\" height=\"425\"><\/embed>\n\t\t\t\t\t\t<\/object>\n\t\t\t\t\t<\/center>\n<p>Nu har ni bevis f\u00f6r att Damon \u00e4r b\u00e4ttre en Stefan!<\/p>\n<p><a href=\"http:\/\/blogg.improveme.se\/moas\/files\/2014\/09\/moalogga.jpg\"><img loading=\"lazy\" decoding=\"async\" class=\"alignnone size-full wp-image-505\" src=\"http:\/\/blogg.improveme.se\/moas\/files\/2014\/09\/moalogga.jpg\" alt=\"moalogga\" width=\"249\" height=\"104\" \/><\/a><\/p>\n<p>&nbsp;<\/p>\n","protected":false},"excerpt":{"rendered":"<p>Team stelena eller team delena? Damon eller Stefan? Paul eller Ian?\u00a0 Om ni ser p\u00e5 The Vampire Diaries s\u00e5 har ni nog f\u00e5tt fr\u00e5gan Stefan eller Damon? Det har jag f\u00e5tt s\u00e5 m\u00e5nga g\u00e5nger men mina \u00e5sikter om det har \u00e4ndrats. I b\u00f6rjan s\u00e5 var jag ett stort Stelena fan (Stefan och Elena) men eftersom &#8230; <a title=\"Ian Somerhalder vs. Paul Wesley\" class=\"read-more\" href=\"https:\/\/blogg.improveme.se\/moas\/2014\/10\/04\/iansomerhalder\/\" aria-label=\"L\u00e4s mer om Ian Somerhalder vs. Paul Wesley\">L\u00e4s mer<\/a><\/p>\n","protected":false},"author":5800,"featured_media":0,"comment_status":"open","ping_status":"open","sticky":false,"template":"","format":"standard","meta":{"footnotes":""},"categories":[22],"tags":[],"class_list":["post-655","post","type-post","status-publish","format-standard","hentry","category-tvd"],"_links":{"self":[{"href":"https:\/\/blogg.improveme.se\/moas\/wp-json\/wp\/v2\/posts\/655","targetHints":{"allow":["GET"]}}],"collection":[{"href":"https:\/\/blogg.improveme.se\/moas\/wp-json\/wp\/v2\/posts"}],"about":[{"href":"https:\/\/blogg.improveme.se\/moas\/wp-json\/wp\/v2\/types\/post"}],"author":[{"embeddable":true,"href":"https:\/\/blogg.improveme.se\/moas\/wp-json\/wp\/v2\/users\/5800"}],"replies":[{"embeddable":true,"href":"https:\/\/blogg.improveme.se\/moas\/wp-json\/wp\/v2\/comments?post=655"}],"version-history":[{"count":0,"href":"https:\/\/blogg.improveme.se\/moas\/wp-json\/wp\/v2\/posts\/655\/revisions"}],"wp:attachment":[{"href":"https:\/\/blogg.improveme.se\/moas\/wp-json\/wp\/v2\/media?parent=655"}],"wp:term":[{"taxonomy":"category","embeddable":true,"href":"https:\/\/blogg.improveme.se\/moas\/wp-json\/wp\/v2\/categories?post=655"},{"taxonomy":"post_tag","embeddable":true,"href":"https:\/\/blogg.improveme.se\/moas\/wp-json\/wp\/v2\/tags?post=655"}],"curies":[{"name":"wp","href":"https:\/\/api.w.org\/{rel}","templated":true}]}}