{"id":769,"date":"2014-10-13T18:18:04","date_gmt":"2014-10-13T16:18:04","guid":{"rendered":"http:\/\/blogg.improveme.se\/moas\/?p=769"},"modified":"2014-10-13T18:18:04","modified_gmt":"2014-10-13T16:18:04","slug":"outfit-2-julen","status":"publish","type":"post","link":"https:\/\/blogg.improveme.se\/moas\/2014\/10\/13\/outfit-2-julen\/","title":{"rendered":"Outfit #2 Julen"},"content":{"rendered":"<p>Om ni ska fira jul p\u00e5 ett lite varmare st\u00e4lle en kalla Sverige s\u00e5 passar nog denna outfit dig. L\u00e4gg till en massa snygga armband, silver eller guld. K\u00f6r \u00e4ven p\u00e5 ett s\u00f6tt halsband med tunn kedja och liten berlock. En gullig frisyr till \u00e4r lockigt h\u00e5r och luggen f\u00e4st bak i en s\u00f6t rosett.<\/p>\n<p><a href=\"http:\/\/blogg.improveme.se\/moas\/files\/2014\/10\/Sk\u00e4rmavbild-2014-10-13-kl.-18.03.02.png\"><img loading=\"lazy\" decoding=\"async\" class=\"alignnone size-full wp-image-770\" src=\"http:\/\/blogg.improveme.se\/moas\/files\/2014\/10\/Sk\u00e4rmavbild-2014-10-13-kl.-18.03.02.png\" alt=\"Sk\u00e4rmavbild 2014-10-13 kl. 18.03.02\" width=\"617\" height=\"548\" srcset=\"https:\/\/blogg.improveme.se\/moas\/files\/2014\/10\/Sk\u00e4rmavbild-2014-10-13-kl.-18.03.02.png 617w, https:\/\/blogg.improveme.se\/moas\/files\/2014\/10\/Sk\u00e4rmavbild-2014-10-13-kl.-18.03.02-300x266.png 300w\" sizes=\"auto, (max-width: 617px) 100vw, 617px\" \/><\/a><\/p>\n<p>&nbsp;<\/p>\n<p>Kl\u00e4nningen finns<a href=\"http:\/\/www.newlook.com\/shop\/womens\/dresses\/cameo-rose-burgundy-sequin-lace-sweetheart-neck-skater-dress-_295142767?extcam=AFF_AFW_Communities+&amp;+UGC_Polyvore&amp;awc=1946_1413216314_a96dc9fda5ebfda0dff9359355005a11\"> H\u00c4R<\/a>. Om ni inte vill l\u00e4gga flera tusen p\u00e5 en v\u00e4ska s\u00e5 kan ni k\u00f6pa en liknande p\u00e5 en massa olika st\u00e4llen. Liknande skor finns att k\u00f6pa p\u00e5 HM, r\u00f6da nagelack finns \u00f6verallt och s\u00e5 g\u00f6r \u00e4ven r\u00f6tt l\u00e4ppstift och l\u00f6s\u00f6gonfransar.<\/p>\n<p><a href=\"http:\/\/blogg.improveme.se\/moas\/files\/2014\/09\/moalogga.jpg\"><img loading=\"lazy\" decoding=\"async\" class=\"alignnone size-full wp-image-505\" src=\"http:\/\/blogg.improveme.se\/moas\/files\/2014\/09\/moalogga.jpg\" alt=\"moalogga\" width=\"249\" height=\"104\" \/><\/a><\/p>\n<p>&nbsp;<\/p>\n","protected":false},"excerpt":{"rendered":"<p>Om ni ska fira jul p\u00e5 ett lite varmare st\u00e4lle en kalla Sverige s\u00e5 passar nog denna outfit dig. L\u00e4gg till en massa snygga armband, silver eller guld. K\u00f6r \u00e4ven p\u00e5 ett s\u00f6tt halsband med tunn kedja och liten berlock. En gullig frisyr till \u00e4r lockigt h\u00e5r och luggen f\u00e4st bak i en s\u00f6t rosett. &#8230; <a title=\"Outfit #2 Julen\" class=\"read-more\" href=\"https:\/\/blogg.improveme.se\/moas\/2014\/10\/13\/outfit-2-julen\/\" aria-label=\"L\u00e4s mer om Outfit #2 Julen\">L\u00e4s mer<\/a><\/p>\n","protected":false},"author":5800,"featured_media":0,"comment_status":"open","ping_status":"open","sticky":false,"template":"","format":"standard","meta":{"footnotes":""},"categories":[20],"tags":[],"class_list":["post-769","post","type-post","status-publish","format-standard","hentry","category-jul-med-moa"],"_links":{"self":[{"href":"https:\/\/blogg.improveme.se\/moas\/wp-json\/wp\/v2\/posts\/769","targetHints":{"allow":["GET"]}}],"collection":[{"href":"https:\/\/blogg.improveme.se\/moas\/wp-json\/wp\/v2\/posts"}],"about":[{"href":"https:\/\/blogg.improveme.se\/moas\/wp-json\/wp\/v2\/types\/post"}],"author":[{"embeddable":true,"href":"https:\/\/blogg.improveme.se\/moas\/wp-json\/wp\/v2\/users\/5800"}],"replies":[{"embeddable":true,"href":"https:\/\/blogg.improveme.se\/moas\/wp-json\/wp\/v2\/comments?post=769"}],"version-history":[{"count":0,"href":"https:\/\/blogg.improveme.se\/moas\/wp-json\/wp\/v2\/posts\/769\/revisions"}],"wp:attachment":[{"href":"https:\/\/blogg.improveme.se\/moas\/wp-json\/wp\/v2\/media?parent=769"}],"wp:term":[{"taxonomy":"category","embeddable":true,"href":"https:\/\/blogg.improveme.se\/moas\/wp-json\/wp\/v2\/categories?post=769"},{"taxonomy":"post_tag","embeddable":true,"href":"https:\/\/blogg.improveme.se\/moas\/wp-json\/wp\/v2\/tags?post=769"}],"curies":[{"name":"wp","href":"https:\/\/api.w.org\/{rel}","templated":true}]}}