{"id":793,"date":"2014-10-16T19:51:28","date_gmt":"2014-10-16T17:51:28","guid":{"rendered":"http:\/\/blogg.improveme.se\/moas\/?p=793"},"modified":"2014-10-16T19:51:28","modified_gmt":"2014-10-16T17:51:28","slug":"dem-basta-julkalendrarna-genom-tiderna","status":"publish","type":"post","link":"https:\/\/blogg.improveme.se\/moas\/2014\/10\/16\/dem-basta-julkalendrarna-genom-tiderna\/","title":{"rendered":"Dem b\u00e4sta julkalendrarna genom tiderna"},"content":{"rendered":"<p><em>Detta \u00e4r inte bara julkalendrar fr\u00e5n tv. och dem \u00e4r inte i en ordning utan jag bara s\u00e4ger dem random.\u00a0<\/em><\/p>\n<center>\n\t\t\t\t\t\t<object width=\"100%\" height=\"425\">\n\t\t\t\t\t\t\t\t\n\t\t\t\t\t\t\t<param name=\"movie\" value=\"http:\/\/www.youtube.com\/v\/vrLTo_CFYrI?version=3&amp;hl=sv_SE&amp;rel=0\"><\/param>\n\t\t\t\t\t\t\t<param name=\"allowfullscreen\" value=\"true\"><\/param>\n\t\t\t\t\t\t\t<param name=\"allowScriptAccess\" value=\"always\"><\/param>\n\t\t\t\t\t\t\t\t\n\t\t\t\t\t\t\t<embed src=\"http:\/\/www.youtube.com\/v\/vrLTo_CFYrI?version=3&amp;hl=sv_SE&amp;rel=0\" type=\"application\/x-shockwave-flash\" allowscriptaccess=\"always\" allowfullscreen=\"true\" width=\"100%\" height=\"425\"><\/embed>\n\t\t\t\t\t\t<\/object>\n\t\t\t\t\t<\/center>\n<p>Schmack it! Med Clara och Simon. Denna \u00e4r en youtube julkalender som s\u00e4ndes december 2013.<\/p>\n<center>\n\t\t\t\t\t\t<object width=\"100%\" height=\"425\">\n\t\t\t\t\t\t\t\t\n\t\t\t\t\t\t\t<param name=\"movie\" value=\"http:\/\/www.youtube.com\/v\/PLNz1LSExyw?version=3&amp;hl=sv_SE&amp;rel=0\"><\/param>\n\t\t\t\t\t\t\t<param name=\"allowfullscreen\" value=\"true\"><\/param>\n\t\t\t\t\t\t\t<param name=\"allowScriptAccess\" value=\"always\"><\/param>\n\t\t\t\t\t\t\t\t\n\t\t\t\t\t\t\t<embed src=\"http:\/\/www.youtube.com\/v\/PLNz1LSExyw?version=3&amp;hl=sv_SE&amp;rel=0\" type=\"application\/x-shockwave-flash\" allowscriptaccess=\"always\" allowfullscreen=\"true\" width=\"100%\" height=\"425\"><\/embed>\n\t\t\t\t\t\t<\/object>\n\t\t\t\t\t<\/center>\n<p>Wintherjulkalendern s\u00e4ndes 2012 p\u00e5 fillipwinthertv p\u00e5 youtube.<\/p>\n<center>\n\t\t\t\t\t\t<object width=\"100%\" height=\"425\">\n\t\t\t\t\t\t\t\t\n\t\t\t\t\t\t\t<param name=\"movie\" value=\"http:\/\/www.youtube.com\/v\/6g054ebs6oA?version=3&amp;hl=sv_SE&amp;rel=0\"><\/param>\n\t\t\t\t\t\t\t<param name=\"allowfullscreen\" value=\"true\"><\/param>\n\t\t\t\t\t\t\t<param name=\"allowScriptAccess\" value=\"always\"><\/param>\n\t\t\t\t\t\t\t\t\n\t\t\t\t\t\t\t<embed src=\"http:\/\/www.youtube.com\/v\/6g054ebs6oA?version=3&amp;hl=sv_SE&amp;rel=0\" type=\"application\/x-shockwave-flash\" allowscriptaccess=\"always\" allowfullscreen=\"true\" width=\"100%\" height=\"425\"><\/embed>\n\t\t\t\t\t\t<\/object>\n\t\t\t\t\t<\/center>\n<p>Trolltider s\u00e4ndes \u00e5r 1979 men s\u00e4ndes \u00e4ven \u00e5r 1985 i repris eftersom att det var uppskattad. Jag satt och s\u00e5g trolltider hela tiden som liten, \u00e4ven fast jag \u00e4r f\u00f6dd p\u00e5 2000-talet.<\/p>\n<center>\n\t\t\t\t\t\t<object width=\"100%\" height=\"425\">\n\t\t\t\t\t\t\t\t\n\t\t\t\t\t\t\t<param name=\"movie\" value=\"http:\/\/www.youtube.com\/v\/4talqGtqVfU?version=3&amp;hl=sv_SE&amp;rel=0\"><\/param>\n\t\t\t\t\t\t\t<param name=\"allowfullscreen\" value=\"true\"><\/param>\n\t\t\t\t\t\t\t<param name=\"allowScriptAccess\" value=\"always\"><\/param>\n\t\t\t\t\t\t\t\t\n\t\t\t\t\t\t\t<embed src=\"http:\/\/www.youtube.com\/v\/4talqGtqVfU?version=3&amp;hl=sv_SE&amp;rel=0\" type=\"application\/x-shockwave-flash\" allowscriptaccess=\"always\" allowfullscreen=\"true\" width=\"100%\" height=\"425\"><\/embed>\n\t\t\t\t\t\t<\/object>\n\t\t\t\t\t<\/center>\n<p>Mysteriet p\u00e5 greveholm s\u00e4ndes 1996 och var\/\u00e4r min favorit av alla.<\/p>\n<center>\n\t\t\t\t\t\t<object width=\"100%\" height=\"425\">\n\t\t\t\t\t\t\t\t\n\t\t\t\t\t\t\t<param name=\"movie\" value=\"http:\/\/www.youtube.com\/v\/Dy0qwld0xCw?version=3&amp;hl=sv_SE&amp;rel=0\"><\/param>\n\t\t\t\t\t\t\t<param name=\"allowfullscreen\" value=\"true\"><\/param>\n\t\t\t\t\t\t\t<param name=\"allowScriptAccess\" value=\"always\"><\/param>\n\t\t\t\t\t\t\t\t\n\t\t\t\t\t\t\t<embed src=\"http:\/\/www.youtube.com\/v\/Dy0qwld0xCw?version=3&amp;hl=sv_SE&amp;rel=0\" type=\"application\/x-shockwave-flash\" allowscriptaccess=\"always\" allowfullscreen=\"true\" width=\"100%\" height=\"425\"><\/embed>\n\t\t\t\t\t\t<\/object>\n\t\t\t\t\t<\/center>\n<p>Mysterier p\u00e5 greveholm grevens \u00e5terkomst \u00e4r del tv\u00e5 p\u00e5 julkalendern ovan. Denna s\u00e4ndes 2013.<\/p>\n<p>Dessa var mina favoriter fast som liten \u00e4lskade jag hotell gyllene knorren, sk\u00e4gget i brevl\u00e5dan och barna hedenh\u00f6s (som faktiskt s\u00e4ndes f\u00f6rra \u00e5ret).<\/p>\n<p>Idag \u00e4r det 69 dagar kvar!<\/p>\n<p><a href=\"http:\/\/blogg.improveme.se\/moas\/files\/2014\/09\/moalogga.jpg\"><img loading=\"lazy\" decoding=\"async\" class=\"alignnone size-full wp-image-505\" src=\"http:\/\/blogg.improveme.se\/moas\/files\/2014\/09\/moalogga.jpg\" alt=\"moalogga\" width=\"249\" height=\"104\" \/><\/a><\/p>\n<p>&nbsp;<\/p>\n","protected":false},"excerpt":{"rendered":"<p>Detta \u00e4r inte bara julkalendrar fr\u00e5n tv. och dem \u00e4r inte i en ordning utan jag bara s\u00e4ger dem random.\u00a0 Schmack it! Med Clara och Simon. Denna \u00e4r en youtube julkalender som s\u00e4ndes december 2013. Wintherjulkalendern s\u00e4ndes 2012 p\u00e5 fillipwinthertv p\u00e5 youtube. Trolltider s\u00e4ndes \u00e5r 1979 men s\u00e4ndes \u00e4ven \u00e5r 1985 i repris eftersom att &#8230; <a title=\"Dem b\u00e4sta julkalendrarna genom tiderna\" class=\"read-more\" href=\"https:\/\/blogg.improveme.se\/moas\/2014\/10\/16\/dem-basta-julkalendrarna-genom-tiderna\/\" aria-label=\"L\u00e4s mer om Dem b\u00e4sta julkalendrarna genom tiderna\">L\u00e4s mer<\/a><\/p>\n","protected":false},"author":5800,"featured_media":0,"comment_status":"open","ping_status":"open","sticky":false,"template":"","format":"standard","meta":{"footnotes":""},"categories":[20],"tags":[],"class_list":["post-793","post","type-post","status-publish","format-standard","hentry","category-jul-med-moa"],"_links":{"self":[{"href":"https:\/\/blogg.improveme.se\/moas\/wp-json\/wp\/v2\/posts\/793","targetHints":{"allow":["GET"]}}],"collection":[{"href":"https:\/\/blogg.improveme.se\/moas\/wp-json\/wp\/v2\/posts"}],"about":[{"href":"https:\/\/blogg.improveme.se\/moas\/wp-json\/wp\/v2\/types\/post"}],"author":[{"embeddable":true,"href":"https:\/\/blogg.improveme.se\/moas\/wp-json\/wp\/v2\/users\/5800"}],"replies":[{"embeddable":true,"href":"https:\/\/blogg.improveme.se\/moas\/wp-json\/wp\/v2\/comments?post=793"}],"version-history":[{"count":0,"href":"https:\/\/blogg.improveme.se\/moas\/wp-json\/wp\/v2\/posts\/793\/revisions"}],"wp:attachment":[{"href":"https:\/\/blogg.improveme.se\/moas\/wp-json\/wp\/v2\/media?parent=793"}],"wp:term":[{"taxonomy":"category","embeddable":true,"href":"https:\/\/blogg.improveme.se\/moas\/wp-json\/wp\/v2\/categories?post=793"},{"taxonomy":"post_tag","embeddable":true,"href":"https:\/\/blogg.improveme.se\/moas\/wp-json\/wp\/v2\/tags?post=793"}],"curies":[{"name":"wp","href":"https:\/\/api.w.org\/{rel}","templated":true}]}}