{"id":806,"date":"2014-10-18T21:04:01","date_gmt":"2014-10-18T19:04:01","guid":{"rendered":"http:\/\/blogg.improveme.se\/moas\/?p=806"},"modified":"2014-10-18T21:04:01","modified_gmt":"2014-10-18T19:04:01","slug":"dagen-3","status":"publish","type":"post","link":"https:\/\/blogg.improveme.se\/moas\/2014\/10\/18\/dagen-3\/","title":{"rendered":"Dagen"},"content":{"rendered":"<p>Dagen har varit bra och jag shoppade knappt n\u00e5got. Jag k\u00f6pte en jacka fr\u00e5n cubus f\u00f6r 799, en palett med ansiktsf\u00e4rger f\u00f6r halloween och en chokladkalender till jul. Ni l\u00e4ste r\u00e4tt, jag har redan k\u00f6pt min chokladkalender men jag kollade \u00e4ven p\u00e5 julgranar fast det blev ingen. S\u00e5 lite kn\u00e4pp antar jag v\u00e4ll att jag \u00e4r. Ig\u00e5r hittade jag min gamla kamera, kvalit\u00e9n\u00a0suger men den \u00e4r otroligt s\u00f6t.<\/p>\n<p><a href=\"http:\/\/blogg.improveme.se\/moas\/files\/2014\/10\/bloggbild.jpg\"><img loading=\"lazy\" decoding=\"async\" class=\"alignnone size-large wp-image-807\" src=\"http:\/\/blogg.improveme.se\/moas\/files\/2014\/10\/bloggbild-755x566.jpg\" alt=\"bloggbild\" width=\"755\" height=\"566\" srcset=\"https:\/\/blogg.improveme.se\/moas\/files\/2014\/10\/bloggbild-755x566.jpg 755w, https:\/\/blogg.improveme.se\/moas\/files\/2014\/10\/bloggbild-300x225.jpg 300w, https:\/\/blogg.improveme.se\/moas\/files\/2014\/10\/bloggbild.jpg 1000w\" sizes=\"auto, (max-width: 755px) 100vw, 755px\" \/><\/a><\/p>\n<p><em>Typ f\u00f6rsta osminkade bilden p\u00e5 denna blogg\u00a0<\/em><\/p>\n<p>H\u00e4r \u00e4r ett exempel p\u00e5 en bild som \u00e4r tagen med den, denna bild \u00e4r dock ganska redigerad. Nej, p\u00e4lsen p\u00e5 jackan \u00e4r inte \u00e4kta!<\/p>\n<p><a href=\"http:\/\/blogg.improveme.se\/moas\/files\/2014\/09\/moalogga.jpg\"><img loading=\"lazy\" decoding=\"async\" class=\"alignnone size-full wp-image-505\" src=\"http:\/\/blogg.improveme.se\/moas\/files\/2014\/09\/moalogga.jpg\" alt=\"moalogga\" width=\"249\" height=\"104\" \/><\/a><\/p>\n<p>&nbsp;<\/p>\n","protected":false},"excerpt":{"rendered":"<p>Dagen har varit bra och jag shoppade knappt n\u00e5got. Jag k\u00f6pte en jacka fr\u00e5n cubus f\u00f6r 799, en palett med ansiktsf\u00e4rger f\u00f6r halloween och en chokladkalender till jul. Ni l\u00e4ste r\u00e4tt, jag har redan k\u00f6pt min chokladkalender men jag kollade \u00e4ven p\u00e5 julgranar fast det blev ingen. S\u00e5 lite kn\u00e4pp antar jag v\u00e4ll att jag &#8230; <a title=\"Dagen\" class=\"read-more\" href=\"https:\/\/blogg.improveme.se\/moas\/2014\/10\/18\/dagen-3\/\" aria-label=\"L\u00e4s mer om Dagen\">L\u00e4s mer<\/a><\/p>\n","protected":false},"author":5800,"featured_media":0,"comment_status":"open","ping_status":"open","sticky":false,"template":"","format":"standard","meta":{"footnotes":""},"categories":[1],"tags":[],"class_list":["post-806","post","type-post","status-publish","format-standard","hentry","category-okategoriserad"],"_links":{"self":[{"href":"https:\/\/blogg.improveme.se\/moas\/wp-json\/wp\/v2\/posts\/806","targetHints":{"allow":["GET"]}}],"collection":[{"href":"https:\/\/blogg.improveme.se\/moas\/wp-json\/wp\/v2\/posts"}],"about":[{"href":"https:\/\/blogg.improveme.se\/moas\/wp-json\/wp\/v2\/types\/post"}],"author":[{"embeddable":true,"href":"https:\/\/blogg.improveme.se\/moas\/wp-json\/wp\/v2\/users\/5800"}],"replies":[{"embeddable":true,"href":"https:\/\/blogg.improveme.se\/moas\/wp-json\/wp\/v2\/comments?post=806"}],"version-history":[{"count":0,"href":"https:\/\/blogg.improveme.se\/moas\/wp-json\/wp\/v2\/posts\/806\/revisions"}],"wp:attachment":[{"href":"https:\/\/blogg.improveme.se\/moas\/wp-json\/wp\/v2\/media?parent=806"}],"wp:term":[{"taxonomy":"category","embeddable":true,"href":"https:\/\/blogg.improveme.se\/moas\/wp-json\/wp\/v2\/categories?post=806"},{"taxonomy":"post_tag","embeddable":true,"href":"https:\/\/blogg.improveme.se\/moas\/wp-json\/wp\/v2\/tags?post=806"}],"curies":[{"name":"wp","href":"https:\/\/api.w.org\/{rel}","templated":true}]}}