{"id":816,"date":"2014-10-19T22:02:34","date_gmt":"2014-10-19T20:02:34","guid":{"rendered":"http:\/\/blogg.improveme.se\/moas\/?p=816"},"modified":"2014-10-19T22:02:34","modified_gmt":"2014-10-19T20:02:34","slug":"julkanslor","status":"publish","type":"post","link":"https:\/\/blogg.improveme.se\/moas\/2014\/10\/19\/julkanslor\/","title":{"rendered":"Julk\u00e4nslor"},"content":{"rendered":"<p><strong>Vad \u00e4r med passande en dag som denna en att dricka varmchoklad i en julkopp?\u00a0<\/strong><\/p>\n<p><a href=\"http:\/\/blogg.improveme.se\/moas\/files\/2014\/10\/kopp.jpg\"><img loading=\"lazy\" decoding=\"async\" class=\"alignnone size-large wp-image-817\" src=\"http:\/\/blogg.improveme.se\/moas\/files\/2014\/10\/kopp-755x566.jpg\" alt=\"kopp\" width=\"755\" height=\"566\" srcset=\"https:\/\/blogg.improveme.se\/moas\/files\/2014\/10\/kopp-755x566.jpg 755w, https:\/\/blogg.improveme.se\/moas\/files\/2014\/10\/kopp-300x225.jpg 300w, https:\/\/blogg.improveme.se\/moas\/files\/2014\/10\/kopp.jpg 1000w\" sizes=\"auto, (max-width: 755px) 100vw, 755px\" \/><\/a><\/p>\n<p>Om du k\u00e4nner mig s\u00e5 vet du antagligen att jag \u00e4lskar julen s\u00e5 sjukt mycket. Jag b\u00f6rjade r\u00e4kna ned till julen d\u00e5 det var \u00f6ver 250 dagar kvar, vilket som \u00e4r lite kn\u00e4ppt eftersom normala m\u00e4nniskor b\u00f6rjar f\u00f6rst vid f\u00f6rsta advent. \u00a0Ig\u00e5r k\u00f6pte jag min chokladkalender som jag ska ha i \u00e5r. Anledningen varf\u00f6r jag k\u00f6pte den s\u00e5 tidigt \u00e4r f\u00f6r att jag har haft likadana de senaste tre \u00e5ren. Jag \u00e4r en m\u00e4nniska som absolut inte kan \u00e4ndra p\u00e5 vissa saker och jag hatar f\u00f6r\u00e4ndringar (mer om det kommer i ett annat inl\u00e4gg).<\/p>\n<p><a href=\"http:\/\/blogg.improveme.se\/moas\/files\/2014\/09\/moalogga.jpg\"><img loading=\"lazy\" decoding=\"async\" class=\"alignnone size-full wp-image-505\" src=\"http:\/\/blogg.improveme.se\/moas\/files\/2014\/09\/moalogga.jpg\" alt=\"moalogga\" width=\"249\" height=\"104\" \/><\/a><\/p>\n","protected":false},"excerpt":{"rendered":"<p>Vad \u00e4r med passande en dag som denna en att dricka varmchoklad i en julkopp?\u00a0 Om du k\u00e4nner mig s\u00e5 vet du antagligen att jag \u00e4lskar julen s\u00e5 sjukt mycket. Jag b\u00f6rjade r\u00e4kna ned till julen d\u00e5 det var \u00f6ver 250 dagar kvar, vilket som \u00e4r lite kn\u00e4ppt eftersom normala m\u00e4nniskor b\u00f6rjar f\u00f6rst vid f\u00f6rsta &#8230; <a title=\"Julk\u00e4nslor\" class=\"read-more\" href=\"https:\/\/blogg.improveme.se\/moas\/2014\/10\/19\/julkanslor\/\" aria-label=\"L\u00e4s mer om Julk\u00e4nslor\">L\u00e4s mer<\/a><\/p>\n","protected":false},"author":5800,"featured_media":0,"comment_status":"open","ping_status":"open","sticky":false,"template":"","format":"standard","meta":{"footnotes":""},"categories":[20],"tags":[],"class_list":["post-816","post","type-post","status-publish","format-standard","hentry","category-jul-med-moa"],"_links":{"self":[{"href":"https:\/\/blogg.improveme.se\/moas\/wp-json\/wp\/v2\/posts\/816","targetHints":{"allow":["GET"]}}],"collection":[{"href":"https:\/\/blogg.improveme.se\/moas\/wp-json\/wp\/v2\/posts"}],"about":[{"href":"https:\/\/blogg.improveme.se\/moas\/wp-json\/wp\/v2\/types\/post"}],"author":[{"embeddable":true,"href":"https:\/\/blogg.improveme.se\/moas\/wp-json\/wp\/v2\/users\/5800"}],"replies":[{"embeddable":true,"href":"https:\/\/blogg.improveme.se\/moas\/wp-json\/wp\/v2\/comments?post=816"}],"version-history":[{"count":0,"href":"https:\/\/blogg.improveme.se\/moas\/wp-json\/wp\/v2\/posts\/816\/revisions"}],"wp:attachment":[{"href":"https:\/\/blogg.improveme.se\/moas\/wp-json\/wp\/v2\/media?parent=816"}],"wp:term":[{"taxonomy":"category","embeddable":true,"href":"https:\/\/blogg.improveme.se\/moas\/wp-json\/wp\/v2\/categories?post=816"},{"taxonomy":"post_tag","embeddable":true,"href":"https:\/\/blogg.improveme.se\/moas\/wp-json\/wp\/v2\/tags?post=816"}],"curies":[{"name":"wp","href":"https:\/\/api.w.org\/{rel}","templated":true}]}}