{"id":881,"date":"2014-10-25T17:48:58","date_gmt":"2014-10-25T15:48:58","guid":{"rendered":"http:\/\/blogg.improveme.se\/moas\/?p=881"},"modified":"2014-10-27T20:54:19","modified_gmt":"2014-10-27T19:54:19","slug":"the-balm-mama","status":"publish","type":"post","link":"https:\/\/blogg.improveme.se\/moas\/2014\/10\/25\/the-balm-mama\/","title":{"rendered":"The balm- mama"},"content":{"rendered":"<p><a href=\"http:\/\/blogg.improveme.se\/moas\/files\/2014\/10\/IMG_8038.jpg\"><img decoding=\"async\" class=\"alignnone size-full\" src=\"http:\/\/blogg.improveme.se\/moas\/files\/2014\/10\/IMG_8038.jpg\" alt=\"IMG_8038.JPG\" \/><\/a><br \/>\nIdag t\u00e4nkte jag skriva vad jag tycker om The balms mama kollektion.<\/p>\n<p><a href=\"http:\/\/blogg.improveme.se\/moas\/files\/2014\/10\/IMG_8039.jpg\"><img decoding=\"async\" class=\"alignnone size-full\" src=\"http:\/\/blogg.improveme.se\/moas\/files\/2014\/10\/IMG_8039.jpg\" alt=\"IMG_8039.JPG\" \/><\/a><br \/>\nDetta rouge \u00e4r helt fantastiskt. F\u00e4rgen \u00e4r s\u00e5 fin och kan \u00e4ven anv\u00e4ndas som \u00f6gonskugga. Denna produkt \u00e4r inte s\u00e5 pigmenterad vilket som \u00e4r bra eftersom man vill ha en naturlig rouge. N\u00e4r du s\u00e4tter produkten p\u00e5 kinderna s\u00e5 piggnar hela ansiktet upp.<br \/>\n\/&gt;<\/p>\n<p><a href=\"http:\/\/blogg.improveme.se\/moas\/files\/2014\/10\/IMG_8041.jpg\"><img decoding=\"async\" class=\"alignnone size-full\" src=\"http:\/\/blogg.improveme.se\/moas\/files\/2014\/10\/IMG_8041.jpg\" alt=\"IMG_8041.JPG\" \/><\/a><br \/>\nDetta puder mattar ner ditt ansikte och resultatet \u00e4r fint v\u00e4ldigt l\u00e4nge. Pudret \u00e4r transparent och d\u00e4rf\u00f6r passar dem flesta ljusare hudtonerna. En v\u00e4ldigt positiv sak om produkten \u00e4r att man beh\u00f6ver v\u00e4ldigt lite till ett helt ansikte.<\/p>\n<p><a href=\"http:\/\/blogg.improveme.se\/moas\/files\/2014\/10\/IMG_8043.jpg\"><img decoding=\"async\" class=\"alignnone size-full\" src=\"http:\/\/blogg.improveme.se\/moas\/files\/2014\/10\/IMG_8043.jpg\" alt=\"IMG_8043.JPG\" \/><\/a><br \/>\nN\u00e4r man ser produkten i f\u00f6rpackning d\u00e5 inser man att det \u00e4r v\u00e4ldigt m\u00f6rkt. Produkten \u00e4r opigmenterad s\u00e5 det blir en snygg look \u00e4ven fast pudret \u00e4r sjukt m\u00f6rkt.<\/p>\n<p>Jag \u00e4lskar alla dessa saker och priserna \u00e4r inte heller h\u00f6ga. Sakerna finns p\u00e5 craycray.se. Ber om urs\u00e4kt f\u00f6r stavfel d\u00e5 jag skriver via min mobil.<\/p>\n<p><a href=\"http:\/\/blogg.improveme.se\/moas\/files\/2014\/09\/moalogga.jpg\"><img loading=\"lazy\" decoding=\"async\" class=\"alignnone size-full wp-image-505\" src=\"http:\/\/blogg.improveme.se\/moas\/files\/2014\/09\/moalogga.jpg\" alt=\"moalogga\" width=\"249\" height=\"104\" \/><\/a><\/p>\n","protected":false},"excerpt":{"rendered":"<p>Idag t\u00e4nkte jag skriva vad jag tycker om The balms mama kollektion. Detta rouge \u00e4r helt fantastiskt. F\u00e4rgen \u00e4r s\u00e5 fin och kan \u00e4ven anv\u00e4ndas som \u00f6gonskugga. Denna produkt \u00e4r inte s\u00e5 pigmenterad vilket som \u00e4r bra eftersom man vill ha en naturlig rouge. N\u00e4r du s\u00e4tter produkten p\u00e5 kinderna s\u00e5 piggnar hela ansiktet upp. &#8230; <a title=\"The balm- mama\" class=\"read-more\" href=\"https:\/\/blogg.improveme.se\/moas\/2014\/10\/25\/the-balm-mama\/\" aria-label=\"L\u00e4s mer om The balm- mama\">L\u00e4s mer<\/a><\/p>\n","protected":false},"author":5800,"featured_media":0,"comment_status":"open","ping_status":"open","sticky":false,"template":"","format":"standard","meta":{"footnotes":""},"categories":[1],"tags":[],"class_list":["post-881","post","type-post","status-publish","format-standard","hentry","category-okategoriserad"],"_links":{"self":[{"href":"https:\/\/blogg.improveme.se\/moas\/wp-json\/wp\/v2\/posts\/881","targetHints":{"allow":["GET"]}}],"collection":[{"href":"https:\/\/blogg.improveme.se\/moas\/wp-json\/wp\/v2\/posts"}],"about":[{"href":"https:\/\/blogg.improveme.se\/moas\/wp-json\/wp\/v2\/types\/post"}],"author":[{"embeddable":true,"href":"https:\/\/blogg.improveme.se\/moas\/wp-json\/wp\/v2\/users\/5800"}],"replies":[{"embeddable":true,"href":"https:\/\/blogg.improveme.se\/moas\/wp-json\/wp\/v2\/comments?post=881"}],"version-history":[{"count":0,"href":"https:\/\/blogg.improveme.se\/moas\/wp-json\/wp\/v2\/posts\/881\/revisions"}],"wp:attachment":[{"href":"https:\/\/blogg.improveme.se\/moas\/wp-json\/wp\/v2\/media?parent=881"}],"wp:term":[{"taxonomy":"category","embeddable":true,"href":"https:\/\/blogg.improveme.se\/moas\/wp-json\/wp\/v2\/categories?post=881"},{"taxonomy":"post_tag","embeddable":true,"href":"https:\/\/blogg.improveme.se\/moas\/wp-json\/wp\/v2\/tags?post=881"}],"curies":[{"name":"wp","href":"https:\/\/api.w.org\/{rel}","templated":true}]}}