{"id":889,"date":"2014-10-26T18:17:01","date_gmt":"2014-10-26T17:17:01","guid":{"rendered":"http:\/\/blogg.improveme.se\/moas\/?p=889"},"modified":"2014-10-27T20:45:09","modified_gmt":"2014-10-27T19:45:09","slug":"negerkung","status":"publish","type":"post","link":"https:\/\/blogg.improveme.se\/moas\/2014\/10\/26\/negerkung\/","title":{"rendered":"Negerkung?"},"content":{"rendered":"<p>Jag har alltid tyckt att ordet neger varit ett vardagsord som inte var kr\u00e4nkande. Efter jag l\u00e4st ett antal olika artiklar om hur m\u00f6rkhyade har blivit mobbade och kallade neger under hela deras uppv\u00e4xt \u00e4ndrades mitt tycke.. Under en l\u00e5ng tid d\u00e5 var alla m\u00f6rkhyade slavar och \u00e4ven d\u00e5 kallades negrer. D\u00e4rf\u00f6r \u00e4r det helt fel att s\u00e4ga neger.<br \/>\nUnder hela min uppv\u00e4xt s\u00e5 har jag sett p\u00e5 Pippi L\u00e5ngstrump och hon var min st\u00f6rsta idol. Pippis pappa var negerkung och ordet neger fanns i alla filmer. Om jag inte minns fel s\u00e5 skapades f\u00f6rsta filmen p\u00e5 70:talet, det var typ 44 \u00e5r sedan. Redan d\u00e5 f\u00f6rsta filmen kom s\u00e5 ville Astrid radera ordet neger och ist\u00e4llet s\u00e4tta ordet kannibalkung i filmerna. Men som sagt d\u00e5 \u00e4r det nya tider och barnen idag ska inte l\u00e4ra sig ordet neger.<br \/>\nKortfattat:<br \/>\nAtt s\u00e4ga neger \u00e4r fel och kr\u00e4nkande, vi lever i 2014 och f\u00e5r anpassa oss efter nuet.<\/p>\n<p><a href=\"http:\/\/blogg.improveme.se\/moas\/files\/2014\/10\/IMG_8117.jpg\"><img decoding=\"async\" class=\"alignnone size-full\" src=\"http:\/\/blogg.improveme.se\/moas\/files\/2014\/10\/IMG_8117.jpg\" alt=\"IMG_8117.JPG\" \/><\/a><\/p>\n<p><a href=\"http:\/\/blogg.improveme.se\/moas\/files\/2014\/09\/moalogga.jpg\"><img loading=\"lazy\" decoding=\"async\" class=\"alignnone size-full wp-image-505\" src=\"http:\/\/blogg.improveme.se\/moas\/files\/2014\/09\/moalogga.jpg\" alt=\"moalogga\" width=\"249\" height=\"104\" \/><\/a><\/p>\n<p>&nbsp;<\/p>\n","protected":false},"excerpt":{"rendered":"<p>Jag har alltid tyckt att ordet neger varit ett vardagsord som inte var kr\u00e4nkande. Efter jag l\u00e4st ett antal olika artiklar om hur m\u00f6rkhyade har blivit mobbade och kallade neger under hela deras uppv\u00e4xt \u00e4ndrades mitt tycke.. Under en l\u00e5ng tid d\u00e5 var alla m\u00f6rkhyade slavar och \u00e4ven d\u00e5 kallades negrer. D\u00e4rf\u00f6r \u00e4r det helt &#8230; <a title=\"Negerkung?\" class=\"read-more\" href=\"https:\/\/blogg.improveme.se\/moas\/2014\/10\/26\/negerkung\/\" aria-label=\"L\u00e4s mer om Negerkung?\">L\u00e4s mer<\/a><\/p>\n","protected":false},"author":5800,"featured_media":0,"comment_status":"open","ping_status":"open","sticky":false,"template":"","format":"standard","meta":{"footnotes":""},"categories":[9],"tags":[],"class_list":["post-889","post","type-post","status-publish","format-standard","hentry","category-vad-tycker-jag"],"_links":{"self":[{"href":"https:\/\/blogg.improveme.se\/moas\/wp-json\/wp\/v2\/posts\/889","targetHints":{"allow":["GET"]}}],"collection":[{"href":"https:\/\/blogg.improveme.se\/moas\/wp-json\/wp\/v2\/posts"}],"about":[{"href":"https:\/\/blogg.improveme.se\/moas\/wp-json\/wp\/v2\/types\/post"}],"author":[{"embeddable":true,"href":"https:\/\/blogg.improveme.se\/moas\/wp-json\/wp\/v2\/users\/5800"}],"replies":[{"embeddable":true,"href":"https:\/\/blogg.improveme.se\/moas\/wp-json\/wp\/v2\/comments?post=889"}],"version-history":[{"count":0,"href":"https:\/\/blogg.improveme.se\/moas\/wp-json\/wp\/v2\/posts\/889\/revisions"}],"wp:attachment":[{"href":"https:\/\/blogg.improveme.se\/moas\/wp-json\/wp\/v2\/media?parent=889"}],"wp:term":[{"taxonomy":"category","embeddable":true,"href":"https:\/\/blogg.improveme.se\/moas\/wp-json\/wp\/v2\/categories?post=889"},{"taxonomy":"post_tag","embeddable":true,"href":"https:\/\/blogg.improveme.se\/moas\/wp-json\/wp\/v2\/tags?post=889"}],"curies":[{"name":"wp","href":"https:\/\/api.w.org\/{rel}","templated":true}]}}