{"id":907,"date":"2014-10-28T07:30:48","date_gmt":"2014-10-28T06:30:48","guid":{"rendered":"http:\/\/blogg.improveme.se\/moas\/?p=907"},"modified":"2014-10-28T07:30:48","modified_gmt":"2014-10-28T06:30:48","slug":"blatt-eller-rosa-pa-ett-barn","status":"publish","type":"post","link":"https:\/\/blogg.improveme.se\/moas\/2014\/10\/28\/blatt-eller-rosa-pa-ett-barn\/","title":{"rendered":"Bl\u00e5tt eller rosa p\u00e5 ett barn?"},"content":{"rendered":"<p><a href=\"http:\/\/blogg.improveme.se\/moas\/files\/2014\/10\/bl\u00e5elelrrosa.jpg\"><img loading=\"lazy\" decoding=\"async\" class=\"alignnone size-large wp-image-909\" src=\"http:\/\/blogg.improveme.se\/moas\/files\/2014\/10\/bl\u00e5elelrrosa-755x279.jpg\" alt=\"bl\u00e5elelrrosa\" width=\"755\" height=\"279\" srcset=\"https:\/\/blogg.improveme.se\/moas\/files\/2014\/10\/bl\u00e5elelrrosa-755x279.jpg 755w, https:\/\/blogg.improveme.se\/moas\/files\/2014\/10\/bl\u00e5elelrrosa-300x111.jpg 300w, https:\/\/blogg.improveme.se\/moas\/files\/2014\/10\/bl\u00e5elelrrosa.jpg 851w\" sizes=\"auto, (max-width: 755px) 100vw, 755px\" \/><\/a><\/p>\n<p><strong>Ska en liten flicka p\u00e5 fyra m\u00e5nader ha bl\u00e5tt p\u00e5 sig? Ska en liten grabb p\u00e5 n\u00e5gra veckor ha rosa?\u00a0<\/strong><\/p>\n<p>Rosa \u00e4r f\u00f6r flickor och bl\u00e5tt \u00e4r f\u00f6r pojkar, det \u00e4r s\u00e5 det \u00e4r. En liten kille ska inte ha rosa p\u00e5 sig f\u00f6rr\u00e4n han sj\u00e4lv kan v\u00e4lja vilken f\u00e4rg han vill ha p\u00e5 kl\u00e4derna! Jag tycker absolut inte att det \u00e4r fel n\u00e4r en \u00e5tta\u00e5ring v\u00e4ljer att ha en rosa tr\u00f6ja p\u00e5 sig, det \u00e4r bara gulligt. Dock s\u00e5 ska man inte s\u00e4tta en rosa tr\u00f6ja, en kl\u00e4nning eller skor med tryck av barbie p\u00e5 en liten kille.\u00a0<span style=\"color: #000000\">Alla barn ser ju likadana ut, man skulle k\u00e4nna sig dum om man kallar en liten pojk f\u00f6r en &#8221;hon&#8221; eller &#8221;den d\u00e4r&#8221;, s\u00e5 d\u00e5 \u00e4r det bra om man kan se skillnad.\u00a0<\/span><span style=\"color: #000000\">Senare i livet kommer ju flickor och pojkar skiljas \u00e5t i varenda sak s\u00e5 vad spelar det f\u00f6r roll om dom g\u00f6r det n\u00e4r dom \u00e4r sm\u00e5 ocks\u00e5. Men som jag skrev s\u00e5 \u00e4r det absolut inte fel med att en tjej vill ha bl\u00e5tt, svart eller andra &#8221;killf\u00e4rger&#8221; p\u00e5 sig n\u00e4r hon kan v\u00e4lja sj\u00e4lv. Det finns en anledning varf\u00f6r ikonen p\u00e5 damernas toalett \u00e4r rosa och herrarnas bl\u00e5.<\/span><\/p>\n<p>En sak som ocks\u00e5 har med detta \u00e4mne att g\u00f6ra \u00e4r f\u00f6r\u00e4ldrar som b\u00f6rjar anse att det \u00e4r fel d\u00e5 det finns en pojk och tjej avdelning. Jag tror inte att en tjej g\u00e4rna vill ha en tr\u00f6ja med ett konstigt tryck p\u00e5, eller att en kille vill ha en kl\u00e4nning med strass. Egentligen s\u00e5 g\u00f6r bara aff\u00e4ren s\u00e5 att vi ska f\u00e5 l\u00e4ttar n\u00e4r vi handlar till barn. Vill en kille ha en kl\u00e4nning, go for it, g\u00e5 p\u00e5 tjejavdelningen och k\u00f6p en kl\u00e4nning!<\/p>\n<p>Hen, varf\u00f6r s\u00e4ger man ens det? I hj\u00e4rtat \u00e4r alla en han eller hon. \u00a0Om du \u00e4r en kille egentligen men ser ut som en tjej, du \u00e4r \u00e4nd\u00e5 en kille. &#8221;byter&#8221; man k\u00f6n s\u00e5 blir du k\u00f6net man byter till, fattar ni?<\/p>\n<p>kortfattat: En pojke har bl\u00e5tt och en flicka har rosa, pojk och flickavdelningar ska finnas och hen b\u00f6r inte anv\u00e4ndas.<\/p>\n<p><a href=\"http:\/\/blogg.improveme.se\/moas\/files\/2014\/10\/selfiepelfiepow.jpg\"><img loading=\"lazy\" decoding=\"async\" class=\"alignnone size-large wp-image-814\" src=\"http:\/\/blogg.improveme.se\/moas\/files\/2014\/10\/selfiepelfiepow-755x566.jpg\" alt=\"selfiepelfiepow\" width=\"755\" height=\"566\" srcset=\"https:\/\/blogg.improveme.se\/moas\/files\/2014\/10\/selfiepelfiepow-755x566.jpg 755w, https:\/\/blogg.improveme.se\/moas\/files\/2014\/10\/selfiepelfiepow-300x225.jpg 300w, https:\/\/blogg.improveme.se\/moas\/files\/2014\/10\/selfiepelfiepow.jpg 1000w\" sizes=\"auto, (max-width: 755px) 100vw, 755px\" \/><\/a><\/p>\n<p><a href=\"http:\/\/blogg.improveme.se\/moas\/files\/2014\/09\/moalogga.jpg\"><img loading=\"lazy\" decoding=\"async\" class=\"alignnone size-full wp-image-505\" src=\"http:\/\/blogg.improveme.se\/moas\/files\/2014\/09\/moalogga.jpg\" alt=\"moalogga\" width=\"249\" height=\"104\" \/><\/a><\/p>\n","protected":false},"excerpt":{"rendered":"<p>Ska en liten flicka p\u00e5 fyra m\u00e5nader ha bl\u00e5tt p\u00e5 sig? Ska en liten grabb p\u00e5 n\u00e5gra veckor ha rosa?\u00a0 Rosa \u00e4r f\u00f6r flickor och bl\u00e5tt \u00e4r f\u00f6r pojkar, det \u00e4r s\u00e5 det \u00e4r. En liten kille ska inte ha rosa p\u00e5 sig f\u00f6rr\u00e4n han sj\u00e4lv kan v\u00e4lja vilken f\u00e4rg han vill ha p\u00e5 kl\u00e4derna! &#8230; <a title=\"Bl\u00e5tt eller rosa p\u00e5 ett barn?\" class=\"read-more\" href=\"https:\/\/blogg.improveme.se\/moas\/2014\/10\/28\/blatt-eller-rosa-pa-ett-barn\/\" aria-label=\"L\u00e4s mer om Bl\u00e5tt eller rosa p\u00e5 ett barn?\">L\u00e4s mer<\/a><\/p>\n","protected":false},"author":5800,"featured_media":0,"comment_status":"open","ping_status":"open","sticky":false,"template":"","format":"standard","meta":{"footnotes":""},"categories":[9],"tags":[24,25,26,11],"class_list":["post-907","post","type-post","status-publish","format-standard","hentry","category-vad-tycker-jag","tag-hen","tag-jamstalldhet","tag-ratt-och-fel","tag-tycker"],"_links":{"self":[{"href":"https:\/\/blogg.improveme.se\/moas\/wp-json\/wp\/v2\/posts\/907","targetHints":{"allow":["GET"]}}],"collection":[{"href":"https:\/\/blogg.improveme.se\/moas\/wp-json\/wp\/v2\/posts"}],"about":[{"href":"https:\/\/blogg.improveme.se\/moas\/wp-json\/wp\/v2\/types\/post"}],"author":[{"embeddable":true,"href":"https:\/\/blogg.improveme.se\/moas\/wp-json\/wp\/v2\/users\/5800"}],"replies":[{"embeddable":true,"href":"https:\/\/blogg.improveme.se\/moas\/wp-json\/wp\/v2\/comments?post=907"}],"version-history":[{"count":0,"href":"https:\/\/blogg.improveme.se\/moas\/wp-json\/wp\/v2\/posts\/907\/revisions"}],"wp:attachment":[{"href":"https:\/\/blogg.improveme.se\/moas\/wp-json\/wp\/v2\/media?parent=907"}],"wp:term":[{"taxonomy":"category","embeddable":true,"href":"https:\/\/blogg.improveme.se\/moas\/wp-json\/wp\/v2\/categories?post=907"},{"taxonomy":"post_tag","embeddable":true,"href":"https:\/\/blogg.improveme.se\/moas\/wp-json\/wp\/v2\/tags?post=907"}],"curies":[{"name":"wp","href":"https:\/\/api.w.org\/{rel}","templated":true}]}}