{"id":970,"date":"2014-11-02T23:02:41","date_gmt":"2014-11-02T22:02:41","guid":{"rendered":"http:\/\/blogg.improveme.se\/moas\/?p=970"},"modified":"2014-11-02T23:02:41","modified_gmt":"2014-11-02T22:02:41","slug":"slut-pa-lovet-och-julen","status":"publish","type":"post","link":"https:\/\/blogg.improveme.se\/moas\/2014\/11\/02\/slut-pa-lovet-och-julen\/","title":{"rendered":"Slut p\u00e5 lovet och julen"},"content":{"rendered":"<p>Nu \u00e4r h\u00f6stlovet slut och det \u00e4r dags f\u00f6r skola i morgon, fy s\u00e5 trist. Under lovet har jag varit med min b\u00e4stis, pluggat, h\u00e4lsat p\u00e5 mina sl\u00e4ktingar i Norge och bara haft det sk\u00f6nt. Veckorna som kommer \u00e4r ganska stressade, jag har n\u00e5gra ganska stora saker i skolan som m\u00e5ste l\u00e4mnas in. En v\u00e4ldigt positiv sak \u00e4r att det nu endast \u00e4r ca fyra veckor kvar till f\u00f6rsta december! N\u00e4r det \u00e4r f\u00f6rsta december s\u00e5 k\u00e4nns det som om julen snart \u00e4r h\u00e4r, endast 24 dagar liksom och folk tycker inte att jag \u00e4r kn\u00e4pp d\u00e5 mitt rum \u00e4r helt t\u00e4ckt med julpynt. Ni som k\u00e4nner mig vet att jag \u00e4r helt addicted till julen, jag har r\u00e4knat ner fr\u00e5n det var 300 dagar kvar. Dem flesta julpyntar kring f\u00f6rsta december, inte jag. Om jag fick skulle pyntet fixas redan i augusti, dock f\u00e5r jag inte pynta f\u00f6re mitten av november.<\/p>\n<p><em>Nu b\u00f6rjar mina \u00f6gonlock bli tunga och det \u00e4r nog dags att st\u00e4nga datorn.<\/em><\/p>\n<p><a href=\"http:\/\/blogg.improveme.se\/moas\/files\/2014\/10\/skor.jpg\"><img loading=\"lazy\" decoding=\"async\" class=\"alignnone size-large wp-image-810\" src=\"http:\/\/blogg.improveme.se\/moas\/files\/2014\/10\/skor-755x566.jpg\" alt=\"skor\" width=\"755\" height=\"566\" srcset=\"https:\/\/blogg.improveme.se\/moas\/files\/2014\/10\/skor-755x566.jpg 755w, https:\/\/blogg.improveme.se\/moas\/files\/2014\/10\/skor-300x225.jpg 300w, https:\/\/blogg.improveme.se\/moas\/files\/2014\/10\/skor.jpg 1000w\" sizes=\"auto, (max-width: 755px) 100vw, 755px\" \/><\/a><\/p>\n<p><em>Bildbrist\u00a0<\/em><\/p>\n<p><a href=\"http:\/\/blogg.improveme.se\/moas\/files\/2014\/09\/moalogga.jpg\"><img loading=\"lazy\" decoding=\"async\" class=\"alignnone size-full wp-image-505\" src=\"http:\/\/blogg.improveme.se\/moas\/files\/2014\/09\/moalogga.jpg\" alt=\"moalogga\" width=\"249\" height=\"104\" \/><\/a><\/p>\n<p>&nbsp;<\/p>\n","protected":false},"excerpt":{"rendered":"<p>Nu \u00e4r h\u00f6stlovet slut och det \u00e4r dags f\u00f6r skola i morgon, fy s\u00e5 trist. Under lovet har jag varit med min b\u00e4stis, pluggat, h\u00e4lsat p\u00e5 mina sl\u00e4ktingar i Norge och bara haft det sk\u00f6nt. Veckorna som kommer \u00e4r ganska stressade, jag har n\u00e5gra ganska stora saker i skolan som m\u00e5ste l\u00e4mnas in. En v\u00e4ldigt &#8230; <a title=\"Slut p\u00e5 lovet och julen\" class=\"read-more\" href=\"https:\/\/blogg.improveme.se\/moas\/2014\/11\/02\/slut-pa-lovet-och-julen\/\" aria-label=\"L\u00e4s mer om Slut p\u00e5 lovet och julen\">L\u00e4s mer<\/a><\/p>\n","protected":false},"author":5800,"featured_media":0,"comment_status":"open","ping_status":"open","sticky":false,"template":"","format":"standard","meta":{"footnotes":""},"categories":[1],"tags":[],"class_list":["post-970","post","type-post","status-publish","format-standard","hentry","category-okategoriserad"],"_links":{"self":[{"href":"https:\/\/blogg.improveme.se\/moas\/wp-json\/wp\/v2\/posts\/970","targetHints":{"allow":["GET"]}}],"collection":[{"href":"https:\/\/blogg.improveme.se\/moas\/wp-json\/wp\/v2\/posts"}],"about":[{"href":"https:\/\/blogg.improveme.se\/moas\/wp-json\/wp\/v2\/types\/post"}],"author":[{"embeddable":true,"href":"https:\/\/blogg.improveme.se\/moas\/wp-json\/wp\/v2\/users\/5800"}],"replies":[{"embeddable":true,"href":"https:\/\/blogg.improveme.se\/moas\/wp-json\/wp\/v2\/comments?post=970"}],"version-history":[{"count":0,"href":"https:\/\/blogg.improveme.se\/moas\/wp-json\/wp\/v2\/posts\/970\/revisions"}],"wp:attachment":[{"href":"https:\/\/blogg.improveme.se\/moas\/wp-json\/wp\/v2\/media?parent=970"}],"wp:term":[{"taxonomy":"category","embeddable":true,"href":"https:\/\/blogg.improveme.se\/moas\/wp-json\/wp\/v2\/categories?post=970"},{"taxonomy":"post_tag","embeddable":true,"href":"https:\/\/blogg.improveme.se\/moas\/wp-json\/wp\/v2\/tags?post=970"}],"curies":[{"name":"wp","href":"https:\/\/api.w.org\/{rel}","templated":true}]}}