{"id":972,"date":"2014-11-03T11:36:57","date_gmt":"2014-11-03T10:36:57","guid":{"rendered":"http:\/\/blogg.improveme.se\/moas\/?p=972"},"modified":"2014-11-03T11:36:57","modified_gmt":"2014-11-03T10:36:57","slug":"sjuk-2","status":"publish","type":"post","link":"https:\/\/blogg.improveme.se\/moas\/2014\/11\/03\/sjuk-2\/","title":{"rendered":"Sjuk"},"content":{"rendered":"<p>Hej alla l\u00e4sare!<\/p>\n<p>Idag s\u00e5 \u00e4r jag hemma fr\u00e5n skolan d\u00e5 jag verkligen m\u00e5dde piss. F\u00f6rresten s\u00e5 \u00e4r min iphone avaktiverad och jag f\u00f6rs\u00f6ker att fixa den men hur det g\u00e5r vet jag inte. Det komiska \u00e4r att jag inte har r\u00f6rt mobilen och den har legat i min s\u00e4ng hela helgen s\u00e5 hur det kan ha h\u00e4nt vet jag inte. Dagar som denna f\u00f6rst\u00e5r jag hur beroende jag \u00e4r av min mobil.<\/p>\n<p><a href=\"http:\/\/blogg.improveme.se\/moas\/files\/2014\/11\/iPhone-56.jpg\"><img loading=\"lazy\" decoding=\"async\" class=\"alignnone size-large wp-image-973\" src=\"http:\/\/blogg.improveme.se\/moas\/files\/2014\/11\/iPhone-56-755x656.jpg\" alt=\"iPhone-56\" width=\"755\" height=\"656\" srcset=\"https:\/\/blogg.improveme.se\/moas\/files\/2014\/11\/iPhone-56-755x656.jpg 755w, https:\/\/blogg.improveme.se\/moas\/files\/2014\/11\/iPhone-56-300x260.jpg 300w, https:\/\/blogg.improveme.se\/moas\/files\/2014\/11\/iPhone-56.jpg 1178w\" sizes=\"auto, (max-width: 755px) 100vw, 755px\" \/><\/a><\/p>\n<p>Edit:<\/p>\n<p>Nu funkar mobilen igen, tack youtube f\u00f6r att du existerar!<\/p>\n<p><a href=\"http:\/\/blogg.improveme.se\/moas\/files\/2014\/09\/moalogga.jpg\"><img loading=\"lazy\" decoding=\"async\" class=\"alignnone size-full wp-image-505\" src=\"http:\/\/blogg.improveme.se\/moas\/files\/2014\/09\/moalogga.jpg\" alt=\"moalogga\" width=\"249\" height=\"104\" \/><\/a><\/p>\n","protected":false},"excerpt":{"rendered":"<p>Hej alla l\u00e4sare! Idag s\u00e5 \u00e4r jag hemma fr\u00e5n skolan d\u00e5 jag verkligen m\u00e5dde piss. F\u00f6rresten s\u00e5 \u00e4r min iphone avaktiverad och jag f\u00f6rs\u00f6ker att fixa den men hur det g\u00e5r vet jag inte. Det komiska \u00e4r att jag inte har r\u00f6rt mobilen och den har legat i min s\u00e4ng hela helgen s\u00e5 hur det &#8230; <a title=\"Sjuk\" class=\"read-more\" href=\"https:\/\/blogg.improveme.se\/moas\/2014\/11\/03\/sjuk-2\/\" aria-label=\"L\u00e4s mer om Sjuk\">L\u00e4s mer<\/a><\/p>\n","protected":false},"author":5800,"featured_media":0,"comment_status":"open","ping_status":"open","sticky":false,"template":"","format":"standard","meta":{"footnotes":""},"categories":[1],"tags":[],"class_list":["post-972","post","type-post","status-publish","format-standard","hentry","category-okategoriserad"],"_links":{"self":[{"href":"https:\/\/blogg.improveme.se\/moas\/wp-json\/wp\/v2\/posts\/972","targetHints":{"allow":["GET"]}}],"collection":[{"href":"https:\/\/blogg.improveme.se\/moas\/wp-json\/wp\/v2\/posts"}],"about":[{"href":"https:\/\/blogg.improveme.se\/moas\/wp-json\/wp\/v2\/types\/post"}],"author":[{"embeddable":true,"href":"https:\/\/blogg.improveme.se\/moas\/wp-json\/wp\/v2\/users\/5800"}],"replies":[{"embeddable":true,"href":"https:\/\/blogg.improveme.se\/moas\/wp-json\/wp\/v2\/comments?post=972"}],"version-history":[{"count":0,"href":"https:\/\/blogg.improveme.se\/moas\/wp-json\/wp\/v2\/posts\/972\/revisions"}],"wp:attachment":[{"href":"https:\/\/blogg.improveme.se\/moas\/wp-json\/wp\/v2\/media?parent=972"}],"wp:term":[{"taxonomy":"category","embeddable":true,"href":"https:\/\/blogg.improveme.se\/moas\/wp-json\/wp\/v2\/categories?post=972"},{"taxonomy":"post_tag","embeddable":true,"href":"https:\/\/blogg.improveme.se\/moas\/wp-json\/wp\/v2\/tags?post=972"}],"curies":[{"name":"wp","href":"https:\/\/api.w.org\/{rel}","templated":true}]}}