{"id":976,"date":"2014-11-03T18:30:07","date_gmt":"2014-11-03T17:30:07","guid":{"rendered":"http:\/\/blogg.improveme.se\/moas\/?p=976"},"modified":"2014-11-03T18:30:07","modified_gmt":"2014-11-03T17:30:07","slug":"plus-och-minus","status":"publish","type":"post","link":"https:\/\/blogg.improveme.se\/moas\/2014\/11\/03\/plus-och-minus\/","title":{"rendered":"Plus och minus"},"content":{"rendered":"<p><a href=\"http:\/\/blogg.improveme.se\/moas\/files\/2014\/11\/2012-03-30-23_Fotor.jpg\"><img loading=\"lazy\" decoding=\"async\" class=\"alignnone size-full wp-image-977\" src=\"http:\/\/blogg.improveme.se\/moas\/files\/2014\/11\/2012-03-30-23_Fotor.jpg\" alt=\"2012-03-30 23_Fotor\" width=\"700\" height=\"525\" srcset=\"https:\/\/blogg.improveme.se\/moas\/files\/2014\/11\/2012-03-30-23_Fotor.jpg 700w, https:\/\/blogg.improveme.se\/moas\/files\/2014\/11\/2012-03-30-23_Fotor-300x225.jpg 300w\" sizes=\"auto, (max-width: 700px) 100vw, 700px\" \/><\/a><\/p>\n<p>+Det \u00e4r bara n\u00e5gra veckor kvar tills det \u00e4r december.<\/p>\n<p>-Det \u00e4r m\u00f6rkt hela tiden.<\/p>\n<p>+Jag kan dricka varmchoklad varje dag.<\/p>\n<p>-Jag \u00e4r tr\u00f6tt nu.<\/p>\n<p>+Det \u00e4r snart jullov.<\/p>\n<p>-Men det \u00e4r skola nu.<\/p>\n<p>+Jag kan ha lite mer smink nu p\u00e5 vintern, vilket man inte kan p\u00e5 sommaren.<\/p>\n<p>-Bethany har inte gjort en video p\u00e5 l\u00e4nge<\/p>\n<p>+Hon gjorde en kv\u00e4llsrutin jul edition f\u00f6r ett tag sedan som jag ser varje dag.<\/p>\n<p>-Jag fryser hela tiden.<\/p>\n<p>+Jag har snart r\u00e5d med en ny kamera.<\/p>\n<p>-Jag har tr\u00e5kigt nu n\u00e4r Betty \u00e4r borta.<\/p>\n<p>+Ronja ligger och sover bredvid mig.<\/p>\n<p><a href=\"http:\/\/blogg.improveme.se\/moas\/files\/2014\/09\/moalogga.jpg\"><img loading=\"lazy\" decoding=\"async\" class=\"alignnone size-full wp-image-505\" src=\"http:\/\/blogg.improveme.se\/moas\/files\/2014\/09\/moalogga.jpg\" alt=\"moalogga\" width=\"249\" height=\"104\" \/><\/a><\/p>\n","protected":false},"excerpt":{"rendered":"<p>+Det \u00e4r bara n\u00e5gra veckor kvar tills det \u00e4r december. -Det \u00e4r m\u00f6rkt hela tiden. +Jag kan dricka varmchoklad varje dag. -Jag \u00e4r tr\u00f6tt nu. +Det \u00e4r snart jullov. -Men det \u00e4r skola nu. +Jag kan ha lite mer smink nu p\u00e5 vintern, vilket man inte kan p\u00e5 sommaren. -Bethany har inte gjort en video &#8230; <a title=\"Plus och minus\" class=\"read-more\" href=\"https:\/\/blogg.improveme.se\/moas\/2014\/11\/03\/plus-och-minus\/\" aria-label=\"L\u00e4s mer om Plus och minus\">L\u00e4s mer<\/a><\/p>\n","protected":false},"author":5800,"featured_media":0,"comment_status":"open","ping_status":"open","sticky":false,"template":"","format":"standard","meta":{"footnotes":""},"categories":[1],"tags":[],"class_list":["post-976","post","type-post","status-publish","format-standard","hentry","category-okategoriserad"],"_links":{"self":[{"href":"https:\/\/blogg.improveme.se\/moas\/wp-json\/wp\/v2\/posts\/976","targetHints":{"allow":["GET"]}}],"collection":[{"href":"https:\/\/blogg.improveme.se\/moas\/wp-json\/wp\/v2\/posts"}],"about":[{"href":"https:\/\/blogg.improveme.se\/moas\/wp-json\/wp\/v2\/types\/post"}],"author":[{"embeddable":true,"href":"https:\/\/blogg.improveme.se\/moas\/wp-json\/wp\/v2\/users\/5800"}],"replies":[{"embeddable":true,"href":"https:\/\/blogg.improveme.se\/moas\/wp-json\/wp\/v2\/comments?post=976"}],"version-history":[{"count":0,"href":"https:\/\/blogg.improveme.se\/moas\/wp-json\/wp\/v2\/posts\/976\/revisions"}],"wp:attachment":[{"href":"https:\/\/blogg.improveme.se\/moas\/wp-json\/wp\/v2\/media?parent=976"}],"wp:term":[{"taxonomy":"category","embeddable":true,"href":"https:\/\/blogg.improveme.se\/moas\/wp-json\/wp\/v2\/categories?post=976"},{"taxonomy":"post_tag","embeddable":true,"href":"https:\/\/blogg.improveme.se\/moas\/wp-json\/wp\/v2\/tags?post=976"}],"curies":[{"name":"wp","href":"https:\/\/api.w.org\/{rel}","templated":true}]}}