{"id":979,"date":"2014-11-03T20:33:09","date_gmt":"2014-11-03T19:33:09","guid":{"rendered":"http:\/\/blogg.improveme.se\/moas\/?p=979"},"modified":"2014-11-03T18:44:23","modified_gmt":"2014-11-03T17:44:23","slug":"dagens-diss","status":"publish","type":"post","link":"https:\/\/blogg.improveme.se\/moas\/2014\/11\/03\/dagens-diss\/","title":{"rendered":"Dagens diss"},"content":{"rendered":"<p>K\u00e4nner mig faktiskt riktigt bitter idag, kanske f\u00f6r att jag fortfarande inte m\u00e5r hundra. Men whatever, imorgon ska jag \u00e4nd\u00e5 till skolan \u00e4ven fast jag \u00e4r d\u00f6ende. Bara f\u00f6r att jag \u00e4r tr\u00f6tt och uttr\u00e5kad ska jag nu skriva ett dagens diss och dagens hiss inl\u00e4gg.<\/p>\n<p><a href=\"http:\/\/blogg.improveme.se\/moas\/files\/2014\/11\/dagensdiss.jpg\"><img loading=\"lazy\" decoding=\"async\" class=\"alignnone size-large wp-image-980\" src=\"http:\/\/blogg.improveme.se\/moas\/files\/2014\/11\/dagensdiss-755x235.jpg\" alt=\"dagensdiss\" width=\"755\" height=\"235\" srcset=\"https:\/\/blogg.improveme.se\/moas\/files\/2014\/11\/dagensdiss-755x235.jpg 755w, https:\/\/blogg.improveme.se\/moas\/files\/2014\/11\/dagensdiss-300x93.jpg 300w, https:\/\/blogg.improveme.se\/moas\/files\/2014\/11\/dagensdiss.jpg 764w\" sizes=\"auto, (max-width: 755px) 100vw, 755px\" \/><\/a><\/p>\n<p><strong>Bloggar utan bilder,\u00a0<\/strong>n\u00e4r jag l\u00e4ser en blogg och inser att de \u00e4r ett inl\u00e4gg utan bilder slutar jag l\u00e4sa. Det spelar ingen roll om du endast har gamla bilder f\u00f6r en blogg utan bilder \u00e4r ingen blogg. Hur sv\u00e5rt \u00e4r det att fota en bild liksom?<\/p>\n<p><a href=\"http:\/\/blogg.improveme.se\/moas\/files\/2014\/11\/hursv\u00e5rt\u00e4rdetatttaenbild.png\"><img loading=\"lazy\" decoding=\"async\" class=\"alignnone size-full wp-image-981\" src=\"http:\/\/blogg.improveme.se\/moas\/files\/2014\/11\/hursv\u00e5rt\u00e4rdetatttaenbild.png\" alt=\"hursv\u00e5rt\u00e4rdetatttaenbild\" width=\"640\" height=\"371\" srcset=\"https:\/\/blogg.improveme.se\/moas\/files\/2014\/11\/hursv\u00e5rt\u00e4rdetatttaenbild.png 640w, https:\/\/blogg.improveme.se\/moas\/files\/2014\/11\/hursv\u00e5rt\u00e4rdetatttaenbild-300x173.png 300w\" sizes=\"auto, (max-width: 640px) 100vw, 640px\" \/><\/a><\/p>\n<p><a href=\"http:\/\/blogg.improveme.se\/moas\/files\/2014\/11\/dagenshiss.jpg\"><img loading=\"lazy\" decoding=\"async\" class=\"alignnone size-large wp-image-982\" src=\"http:\/\/blogg.improveme.se\/moas\/files\/2014\/11\/dagenshiss-755x235.jpg\" alt=\"dagenshiss\" width=\"755\" height=\"235\" srcset=\"https:\/\/blogg.improveme.se\/moas\/files\/2014\/11\/dagenshiss-755x235.jpg 755w, https:\/\/blogg.improveme.se\/moas\/files\/2014\/11\/dagenshiss-300x93.jpg 300w, https:\/\/blogg.improveme.se\/moas\/files\/2014\/11\/dagenshiss.jpg 764w\" sizes=\"auto, (max-width: 755px) 100vw, 755px\" \/><\/a><\/p>\n<p><strong>Musik, <\/strong>finns det n\u00e5got tr\u00e5kigare att inte ha musik? Jag skulle inte klara mig en \u00e4nda dag utan musik, jag lyssnar n\u00e4r jag ska somna, n\u00e4r jag m\u00e5r illa, n\u00e4r jag st\u00e4dar och n\u00e4r jag \u00e4r glad.<\/p>\n<p><a href=\"http:\/\/blogg.improveme.se\/moas\/files\/2014\/11\/musik.jpg\"><img loading=\"lazy\" decoding=\"async\" class=\"alignnone size-full wp-image-983\" src=\"http:\/\/blogg.improveme.se\/moas\/files\/2014\/11\/musik.jpg\" alt=\"musik\" width=\"640\" height=\"400\" srcset=\"https:\/\/blogg.improveme.se\/moas\/files\/2014\/11\/musik.jpg 640w, https:\/\/blogg.improveme.se\/moas\/files\/2014\/11\/musik-300x187.jpg 300w\" sizes=\"auto, (max-width: 640px) 100vw, 640px\" \/><\/a><\/p>\n<p>Det p\u00e5mminer mig om att jag nog ska lyssna p\u00e5 Bethanys l\u00e5t &#8221;Need you right now&#8221; s\u00e5 kanske jag blir mer postitiv.<\/p>\n<p><a href=\"http:\/\/blogg.improveme.se\/moas\/files\/2014\/09\/moalogga.jpg\"><img loading=\"lazy\" decoding=\"async\" class=\"alignnone size-full wp-image-505\" src=\"http:\/\/blogg.improveme.se\/moas\/files\/2014\/09\/moalogga.jpg\" alt=\"moalogga\" width=\"249\" height=\"104\" \/><\/a><\/p>\n","protected":false},"excerpt":{"rendered":"<p>K\u00e4nner mig faktiskt riktigt bitter idag, kanske f\u00f6r att jag fortfarande inte m\u00e5r hundra. Men whatever, imorgon ska jag \u00e4nd\u00e5 till skolan \u00e4ven fast jag \u00e4r d\u00f6ende. Bara f\u00f6r att jag \u00e4r tr\u00f6tt och uttr\u00e5kad ska jag nu skriva ett dagens diss och dagens hiss inl\u00e4gg. Bloggar utan bilder,\u00a0n\u00e4r jag l\u00e4ser en blogg och inser &#8230; <a title=\"Dagens diss\" class=\"read-more\" href=\"https:\/\/blogg.improveme.se\/moas\/2014\/11\/03\/dagens-diss\/\" aria-label=\"L\u00e4s mer om Dagens diss\">L\u00e4s mer<\/a><\/p>\n","protected":false},"author":5800,"featured_media":0,"comment_status":"open","ping_status":"open","sticky":false,"template":"","format":"standard","meta":{"footnotes":""},"categories":[5],"tags":[],"class_list":["post-979","post","type-post","status-publish","format-standard","hentry","category-hiss-och-diss"],"_links":{"self":[{"href":"https:\/\/blogg.improveme.se\/moas\/wp-json\/wp\/v2\/posts\/979","targetHints":{"allow":["GET"]}}],"collection":[{"href":"https:\/\/blogg.improveme.se\/moas\/wp-json\/wp\/v2\/posts"}],"about":[{"href":"https:\/\/blogg.improveme.se\/moas\/wp-json\/wp\/v2\/types\/post"}],"author":[{"embeddable":true,"href":"https:\/\/blogg.improveme.se\/moas\/wp-json\/wp\/v2\/users\/5800"}],"replies":[{"embeddable":true,"href":"https:\/\/blogg.improveme.se\/moas\/wp-json\/wp\/v2\/comments?post=979"}],"version-history":[{"count":0,"href":"https:\/\/blogg.improveme.se\/moas\/wp-json\/wp\/v2\/posts\/979\/revisions"}],"wp:attachment":[{"href":"https:\/\/blogg.improveme.se\/moas\/wp-json\/wp\/v2\/media?parent=979"}],"wp:term":[{"taxonomy":"category","embeddable":true,"href":"https:\/\/blogg.improveme.se\/moas\/wp-json\/wp\/v2\/categories?post=979"},{"taxonomy":"post_tag","embeddable":true,"href":"https:\/\/blogg.improveme.se\/moas\/wp-json\/wp\/v2\/tags?post=979"}],"curies":[{"name":"wp","href":"https:\/\/api.w.org\/{rel}","templated":true}]}}