{"id":26,"date":"2015-03-14T20:45:22","date_gmt":"2015-03-14T19:45:22","guid":{"rendered":"http:\/\/blogg.improveme.se\/musikbloggen\/?p=26"},"modified":"2015-03-14T20:45:22","modified_gmt":"2015-03-14T19:45:22","slug":"mello","status":"publish","type":"post","link":"https:\/\/blogg.improveme.se\/musikbloggen\/2015\/03\/14\/mello\/","title":{"rendered":"Mello!!:))"},"content":{"rendered":"<p>Hejsan!<\/p>\n<p>Tittar ni p\u00e5 melodifestivalen eller? Ass\u00e5 jag \u00e4lskar mello haha:)<\/p>\n<p>Men man kan inte fatta att det redan \u00e4r final! Nu n\u00e4r jag skriver detta s\u00e5 upptr\u00e4der Dina Nah. Tycker \u00e4nd\u00e5 att hon \u00e4r r\u00e4tt s\u00e5 bra!<\/p>\n<p>Hon har \u00e4n s\u00e5 l\u00e4nge har hon f\u00e5tt tre hj\u00e4rtr\u00f6stningar av mig! Tycker den d\u00e4r appen d\u00e4r man kan hj\u00e4rtr\u00f6sta \u00e4r skit rolig:)<\/p>\n<p>Nu har Jon Henrik Fj\u00e4llgren g\u00e5tt upp p\u00e5 scen.Tycker att han \u00e4r bra men kanske inte en eurovision l\u00e5t,vet inte riktigt!Duktig \u00e4r han iaf:)<\/p>\n<p>Om jag skulle r\u00f6sta p\u00e5 den l\u00e5t som passar eurovision b\u00e4st s\u00e5 skulle det nog vara Linus Svennig &#8221;Forever starts today&#8221; eller Mariette &#8221;Don`t stop beliving&#8221;.Dom tycker jag personligen \u00e4r dom b\u00e4sta till eutovision. S\u00e5klart tycker jag alla f\u00f6rutom Hasse Andersson och Jessica Andersson \u00e4r super bra! N\u00e4 men nu ska jag forts\u00e4tta kolla p\u00e5 M\u00e5ns som upptr\u00e4der nu s\u00e5 ha en trevlig allihopa!:)<\/p>\n<figure id=\"attachment_30\" aria-describedby=\"caption-attachment-30\" style=\"width: 290px\" class=\"wp-caption aligncenter\"><a href=\"http:\/\/blogg.improveme.se\/musikbloggen\/files\/2015\/03\/Unknown-12.jpeg\"><img loading=\"lazy\" decoding=\"async\" class=\"size-full wp-image-30\" src=\"http:\/\/blogg.improveme.se\/musikbloggen\/files\/2015\/03\/Unknown-12.jpeg\" alt=\"Linus Svenning\" width=\"300\" height=\"168\" \/><\/a><figcaption id=\"caption-attachment-30\" class=\"wp-caption-text\">Linus Svenning<\/figcaption><\/figure>\n<figure id=\"attachment_31\" aria-describedby=\"caption-attachment-31\" style=\"width: 289px\" class=\"wp-caption aligncenter\"><a href=\"http:\/\/blogg.improveme.se\/musikbloggen\/files\/2015\/03\/Unknown-14.jpeg\"><img loading=\"lazy\" decoding=\"async\" class=\"size-full wp-image-31\" src=\"http:\/\/blogg.improveme.se\/musikbloggen\/files\/2015\/03\/Unknown-14.jpeg\" alt=\"Mariette\" width=\"299\" height=\"168\" \/><\/a><figcaption id=\"caption-attachment-31\" class=\"wp-caption-text\">Mariette<\/figcaption><\/figure>\n","protected":false},"excerpt":{"rendered":"<p>Hejsan! Tittar ni p\u00e5 melodifestivalen eller? Ass\u00e5 jag \u00e4lskar mello haha:) Men man kan inte fatta att det redan \u00e4r final! Nu n\u00e4r jag skriver detta s\u00e5 upptr\u00e4der Dina Nah. Tycker \u00e4nd\u00e5 att hon \u00e4r r\u00e4tt s\u00e5 bra! Hon har \u00e4n s\u00e5 l\u00e4nge har hon f\u00e5tt tre hj\u00e4rtr\u00f6stningar av mig! Tycker den d\u00e4r appen d\u00e4r &#8230; <a title=\"Mello!!:))\" class=\"read-more\" href=\"https:\/\/blogg.improveme.se\/musikbloggen\/2015\/03\/14\/mello\/\" aria-label=\"L\u00e4s mer om Mello!!:))\">L\u00e4s mer<\/a><\/p>\n","protected":false},"author":11054,"featured_media":0,"comment_status":"open","ping_status":"open","sticky":false,"template":"","format":"standard","meta":{"footnotes":""},"categories":[1],"tags":[],"class_list":["post-26","post","type-post","status-publish","format-standard","hentry","category-okategoriserad"],"_links":{"self":[{"href":"https:\/\/blogg.improveme.se\/musikbloggen\/wp-json\/wp\/v2\/posts\/26","targetHints":{"allow":["GET"]}}],"collection":[{"href":"https:\/\/blogg.improveme.se\/musikbloggen\/wp-json\/wp\/v2\/posts"}],"about":[{"href":"https:\/\/blogg.improveme.se\/musikbloggen\/wp-json\/wp\/v2\/types\/post"}],"author":[{"embeddable":true,"href":"https:\/\/blogg.improveme.se\/musikbloggen\/wp-json\/wp\/v2\/users\/11054"}],"replies":[{"embeddable":true,"href":"https:\/\/blogg.improveme.se\/musikbloggen\/wp-json\/wp\/v2\/comments?post=26"}],"version-history":[{"count":0,"href":"https:\/\/blogg.improveme.se\/musikbloggen\/wp-json\/wp\/v2\/posts\/26\/revisions"}],"wp:attachment":[{"href":"https:\/\/blogg.improveme.se\/musikbloggen\/wp-json\/wp\/v2\/media?parent=26"}],"wp:term":[{"taxonomy":"category","embeddable":true,"href":"https:\/\/blogg.improveme.se\/musikbloggen\/wp-json\/wp\/v2\/categories?post=26"},{"taxonomy":"post_tag","embeddable":true,"href":"https:\/\/blogg.improveme.se\/musikbloggen\/wp-json\/wp\/v2\/tags?post=26"}],"curies":[{"name":"wp","href":"https:\/\/api.w.org\/{rel}","templated":true}]}}